{"id":1147,"date":"2024-02-07T12:30:25","date_gmt":"2024-02-07T12:30:25","guid":{"rendered":"https:\/\/chove.hol.es\/web\/?p=1147"},"modified":"2024-06-10T18:39:04","modified_gmt":"2024-06-10T18:39:04","slug":"1147","status":"publish","type":"post","link":"https:\/\/chove.hol.es\/web\/?p=1147","title":{"rendered":"\u00bfMerece la pena tanta tensi\u00f3n pol\u00edtica?"},"content":{"rendered":"\n<p><strong>Otra pol\u00edtica es posible<\/strong><\/p>\n\n\n\n<p>Pedro S\u00e1nchez ha logrado que ya no me asombren sus cesiones humillantes y chantajistas al independentismo, ya no me sorprenden. Ahora me preocupan, me dan miedo, porque no s\u00e9 hasta d\u00f3nde ser\u00e1 capaz de llegar.<\/p>\n\n\n\n<p>\u00bfMerece la pena tanta tensi\u00f3n pol\u00edtica? \u00bfVale la pena el riesgo como coste de la presidencia del gobierno, habiendo perdido las elecciones? Creo que no para la gran mayor\u00eda de los espa\u00f1oles, pero para Pedro S\u00e1nchez parece que s\u00ed. Y ese es el problema, que no sabemos hasta d\u00f3nde ser\u00e1 capaz de llegar.<\/p>\n\n\n\n<p>Hemos pasado por las falsas promesas, las contradicciones, las mentiras, los cambios de opini\u00f3n, hacer de la necesidad virtud, que est\u00e1 bien lo que bien acaba, etc.; de la derogaci\u00f3n de delitos y la rebaja de la malversaci\u00f3n, a los indultos, a perdonar deuda, a transferir competencias inexplicables, etc. hasta la amnist\u00eda y, en un futuro, el refer\u00e9ndum. Lo que haga falta con tal de mantenerse en el poder.<\/p>\n\n\n\n<p>Todo est\u00e1 dentro de la legalidad y la Constituci\u00f3n, repiten como papagayos como queriendo convencerse a s\u00ed mismos de algo con lo que no comulgan, como si quisieran lavar sus conciencias. Aunque esto de la legalidad ser\u00e1 el \u00f3rgano competente del poder judicial el que lo dirima.<\/p>\n\n\n\n<p>Todo ello camuflado con dos grandes argumentos de base: frenar a la extrema derecha de Vox y pacificar y normalizar Catalu\u00f1a. Dos premisas demostradas falsas.<\/p>\n\n\n\n<p>Con respecto al primero de ellos, queda desmentido cuando se negocia con Junts y se le favorece concediendo todas sus demandas, siendo este un partido tanto o m\u00e1s de extrema derecha que Vox. Junts, adem\u00e1s de ser de extrema derecha y racista no quiere saber nada de Espa\u00f1a, la odia y le importa un bledo. \u00bfSe pueden hacer acuerdos de tanta trascendencia y consecuencias perniciosas con Junts y no se pueden hacer pactos de gobernabilidad con el PP? Es incre\u00edble lo que est\u00e1 pasando, ojos para ver. &nbsp;&nbsp;<\/p>\n\n\n\n<p>Estos son los que quieren expulsar de Catalu\u00f1a a los que no les gusten, a los diferentes, a los pobres y desgraciados que vienen buscando trabajo y a mejorar su vida. Estos son los que quieren castigar y sancionar a todas las empresas que libremente han decidido marcharse de Catalu\u00f1a por temor a ellos. Estos son los que con el 1,6% de los votos manejan el gobierno de todos los espa\u00f1oles. Aunque no se les puede culpar de esto a ellos, no, la culpa es de quien se lo permite, que no es otro que Pedro S\u00e1nchez. Porque S\u00e1nchez depende de Puigdemont. \u00bfMerece la pena tanta humillaci\u00f3n y chantaje, tanta tensi\u00f3n y tanto riesgo un sill\u00f3n presidencial? \u00bfTienen alg\u00fan l\u00edmite las concesiones del presidente del Gobierno?<\/p>\n\n\n\n<p>El segundo, pacificar y normalizar Catalu\u00f1a, en realidad, m\u00e1s bien se tratar\u00eda de normalizar las relaciones con los independentistas, ya que, con los no independentistas, la mayor\u00eda de los catalanes, las relaciones son como siempre, pac\u00edficas y normalizadas. Y, precisamente, a esta mayor\u00eda no independentista, esta mayor\u00eda que se siente tan espa\u00f1ola como nosotros, no se le est\u00e1 teniendo en cuenta para nada. No se piensa en ellos, en su incertidumbre, su preocupaci\u00f3n e inseguridad ante el futuro amenazador. No se piensa en sus derechos, sobre todo en su derecho a seguir siendo espa\u00f1oles.<\/p>\n\n\n\n<p>Este segundo argumento es desmentido al punto por los propios partidos secesionistas. Cada vez que S\u00e1nchez intenta deducir de su estrategia un convencimiento, un acercamiento, una entrada en raz\u00f3n de estos, los portavoces y l\u00edderes independentistas salen r\u00e1pidamente en tromba record\u00e1ndole y aclarando que todo lo que acuerdan responde exclusivamente a sus intereses pol\u00edticos, que quedan de manifiesto en el contenido de esos acuerdos. Y as\u00ed lo han demostrado con la Ley de Amnist\u00eda: si le das lo que piden, siguen jugando, y si no, rompen la baraja. S\u00e1nchez se ha humillado y ha cedido al chantaje independentista, pero, aun as\u00ed, la ley de amnist\u00eda ha sufrido su primera derrota; una demostraci\u00f3n vejatoria de que est\u00e1 en manos de Puigdemont.&nbsp;<\/p>\n\n\n\n<p>Nada de perd\u00f3n, nada de arrepentimiento, queda claro que lo volver\u00e1n a hacer cuando estimen oportuno y adecuado a sus intereses. Cuando no haya consecuencias legales, econ\u00f3micas ni personales de privaci\u00f3n de libertad; cuando no haya c\u00e1rcel. La c\u00e1rcel es la clave de todo.<\/p>\n\n\n\n<p>Por ahora, nos encontramos en un impasse mientras se dilucida el asunto de la amnist\u00eda y los proleg\u00f3menos del refer\u00e9ndum, pero esto puede durar a\u00f1os, el tiempo que S\u00e1nchez necesita para mantenerse en el poder. \u00bfAguantar\u00e1n tanto los independentistas? \u00bfAguantar\u00e1 S\u00e1nchez tanta crispaci\u00f3n, tanto estr\u00e9s? En cualquier caso, si aguantan ser\u00e1 un calvario para la pol\u00edtica espa\u00f1ola, y los problemas de futuro ser\u00e1n para otro y para todos los espa\u00f1oles: otro proc\u00e9s. Y si no aguantan los independentistas porque sus arriesgadas exigencias son cada vez m\u00e1s peligrosas, de muy dif\u00edcil atenci\u00f3n por su imposibilidad de enmascararlas para sortear la legalidad, y lo que pidan sea imposible conced\u00e9rselo, tendr\u00e1 S\u00e1nchez que afrontar la situaci\u00f3n, cada vez m\u00e1s peligrosa esta por el envalentonamiento alcanzado tras las continuas cesiones y alas: \u00bfotro proc\u00e9s?<\/p>\n\n\n\n<p>&nbsp;En todo caso, los espa\u00f1oles s\u00ed tendremos que aguantar antes o despu\u00e9s sufriendo las consecuencias de esta pol\u00edtica err\u00f3nea y ego\u00edsta, esta pol\u00edtica de infarto. Como ha dicho Garc\u00eda- Page, Espa\u00f1a est\u00e1 metida en un laberinto de muy dif\u00edcil salida.<\/p>\n\n\n\n<p>\u00bfMerece la pena tanta agitaci\u00f3n, tanto sufrimiento? Hay otra forma de hacer pol\u00edtica, pol\u00edtica sosegada que permita a la ciudadan\u00eda vivir con tranquilidad. Se precisa de una pol\u00edtica de grandes acuerdos, acuerdos que respondan al inter\u00e9s de la gran mayor\u00eda de la poblaci\u00f3n, acuerdos de Estado. Y estos acuerdos, l\u00f3gicamente, solo pueden suscribirlos los grandes y principales partidos pol\u00edticos espa\u00f1oles.<\/p>\n\n\n\n<p>Parafraseando a \u00c1ngel Ganivet, no es jam\u00e1s disculpable que se sacrifique el inter\u00e9s de una naci\u00f3n en obsequio de unos particulares\u2026 y no se podr\u00e1 volver atr\u00e1s para rectificar lo que ya sali\u00f3 imperfecto en su origen.<\/p>\n\n\n\n<p>&nbsp;&nbsp;Chove, febrero de 2024<\/p>\n","protected":false},"excerpt":{"rendered":"<p>Otra pol\u00edtica es posible Pedro S\u00e1nchez ha logrado que ya no me asombren sus cesiones humillantes y chantajistas al independentismo, ya no me sorprenden. Ahora me preocupan, me dan miedo, porque no s\u00e9 hasta d\u00f3nde ser\u00e1 capaz de llegar. \u00bfMerece la pena tanta tensi\u00f3n pol\u00edtica? \u00bfVale la pena el riesgo como coste de la presidencia [&hellip;]<\/p>\n","protected":false},"author":2,"featured_media":0,"comment_status":"open","ping_status":"open","sticky":false,"template":"","format":"standard","meta":{"footnotes":""},"categories":[1],"tags":[],"class_list":["post-1147","post","type-post","status-publish","format-standard","hentry","category-sin-categoria"],"_links":{"self":[{"href":"https:\/\/chove.hol.es\/web\/index.php?rest_route=\/wp\/v2\/posts\/1147","targetHints":{"allow":["GET"]}}],"collection":[{"href":"https:\/\/chove.hol.es\/web\/index.php?rest_route=\/wp\/v2\/posts"}],"about":[{"href":"https:\/\/chove.hol.es\/web\/index.php?rest_route=\/wp\/v2\/types\/post"}],"author":[{"embeddable":true,"href":"https:\/\/chove.hol.es\/web\/index.php?rest_route=\/wp\/v2\/users\/2"}],"replies":[{"embeddable":true,"href":"https:\/\/chove.hol.es\/web\/index.php?rest_route=%2Fwp%2Fv2%2Fcomments&post=1147"}],"version-history":[{"count":2,"href":"https:\/\/chove.hol.es\/web\/index.php?rest_route=\/wp\/v2\/posts\/1147\/revisions"}],"predecessor-version":[{"id":1182,"href":"https:\/\/chove.hol.es\/web\/index.php?rest_route=\/wp\/v2\/posts\/1147\/revisions\/1182"}],"wp:attachment":[{"href":"https:\/\/chove.hol.es\/web\/index.php?rest_route=%2Fwp%2Fv2%2Fmedia&parent=1147"}],"wp:term":[{"taxonomy":"category","embeddable":true,"href":"https:\/\/chove.hol.es\/web\/index.php?rest_route=%2Fwp%2Fv2%2Fcategories&post=1147"},{"taxonomy":"post_tag","embeddable":true,"href":"https:\/\/chove.hol.es\/web\/index.php?rest_route=%2Fwp%2Fv2%2Ftags&post=1147"}],"curies":[{"name":"wp","href":"https:\/\/api.w.org\/{rel}","templated":true}]}}