{"id":1154,"date":"2024-03-26T13:27:15","date_gmt":"2024-03-26T13:27:15","guid":{"rendered":"https:\/\/chove.hol.es\/web\/?p=1154"},"modified":"2024-03-26T13:27:15","modified_gmt":"2024-03-26T13:27:15","slug":"sanchez-y-el-poder-a-cualquier-precio","status":"publish","type":"post","link":"https:\/\/chove.hol.es\/web\/?p=1154","title":{"rendered":"S\u00e1nchez y el poder a cualquier precio"},"content":{"rendered":"\n<p><strong>S\u00e1nchez y el poder a cualquier precio<\/strong><\/p>\n\n\n\n<p>El 14 de marzo del corriente se produjeron dos noticias significativas y de importancia: el Gobierno de Pedro S\u00e1nchez ha renunciado a presentar los Presupuestos Generales del Estado para 2024, y se ha&nbsp;aprobado&nbsp;la ley de&nbsp;Amnist\u00eda&nbsp;en el pleno del Congreso de los Diputados.<\/p>\n\n\n\n<p>Con respecto a la primera, hay que recordar lo que dec\u00eda Pedro S\u00e1nchez en 2018, cuando el entonces presidente del Gobierno Mariano Rajoy no pod\u00eda aprobar sus presupuestos: \u201cLa reflexi\u00f3n que deber\u00eda hacerse el presidente es que un Gobierno que no tiene presupuestos no puede gobernar, porque no puede hacer nada\u201d; \u201cUn Gobierno sin presupuestos es tan \u00fatil como un coche sin gasolina\u201d; \u201cAprobar los presupuestos es la primera y principal obligaci\u00f3n de un Ejecutivo\u201d; \u00abUn Gobierno sin presupuestos es un Gobierno que no gobierna nada\u00bb;\u201cSi este Gobierno no aprueba los presupuestos, no tiene nada m\u00e1s que decir, salvo convocar elecciones\u201d; etc.<\/p>\n\n\n\n<p>Respecto a la segunda, es tambi\u00e9n de dominio p\u00fablico y recuerdo general lo que dec\u00eda S\u00e1nchez: \u201cLa amnist\u00eda es una l\u00ednea roja para el PSOE y para el Gobierno socialista, sin fisuras ni matices\u201d; \u00abNos han pedido el refer\u00e9ndum y la amnist\u00eda, y no se les ha dado ninguna de las dos cosas\u201d; \u201cla medida no tiene cabida en la Constituci\u00f3n\u201d; \u201cLa amnist\u00eda es claramente inconstitucional, una medida implanteable, una imposici\u00f3n de los partidos independentistas que el Ejecutivo no puede aceptar\u201d; \u201cla amnist\u00eda es el olvido\u201d; \u201cSoy contrario a una ley de Amnist\u00eda&nbsp;por convicci\u00f3n personal y pol\u00edtica\u201d; etc.<\/p>\n\n\n\n<p>Reflexionando sobre lo anterior, se deduce en primer lugar, seg\u00fan palabras de S\u00e1nchez, que si el Gobierno no tiene presupuestos no puede ni debe gobernar. Y en segundo lugar, si hace lo contrario de lo que dec\u00eda y promet\u00eda, no est\u00e1 desarrollando su programa de gobierno, sino el de otros, lo que supone un fraude electoral; se est\u00e1 desarrollando el programa electoral de Puigdemont, Junqueras y dem\u00e1s separatistas, que ha sido apoyado por el 5,47% de los votantes.&nbsp; &nbsp;<\/p>\n\n\n\n<p>En conclusi\u00f3n, S\u00e1nchez no est\u00e1 gobernando sino ocupando el sill\u00f3n presidencial (expresi\u00f3n suya)) favoreciendo los intereses de los independentistas; gobiernan otros.<\/p>\n\n\n\n<p>Un presidente que dice y promete unas cosas y luego hace todo lo contrario una y otra vez no puede permanecer ni un minuto m\u00e1s en el poder.<\/p>\n\n\n\n<p>Ante una situaci\u00f3n pol\u00edtica tan bochornosa e indignante como esta, cualquier pol\u00edtico equilibrado, serio y responsable dimitir\u00eda inmediatamente, es m\u00e1s, ni siquiera habr\u00eda dado pie a ella habiendo perdido las elecciones. Pero Pedro S\u00e1nchez ni se inmuta, se comporta como si nada pasara. Esta actitud pol\u00edtica suya, insidiosa y fraudulenta no puede ni debe convertirse en normal por mucho que se reincida en ella.<\/p>\n\n\n\n<p>Ante tal estupor y perplejidad, los hechos expuestos incitan a interpretarse como algo m\u00e1s que hacer lo contrario de lo que se dice y promete, o de mentir o cambiar de opini\u00f3n, etc. No, dicha conducta parece reflejar algo m\u00e1s, esto no tiene visos de normalidad, parece indicar algo enfermizo.<\/p>\n\n\n\n<p>Su propio \u201cManual de resistencia\u201d es un texto aleg\u00f3rico y un mecanismo de defensa con el que pretende convertir en virtud sus desmesuradas ansias de poder; su obsesi\u00f3n por permanecer en el sill\u00f3n presidencial a toda costa, pensando solo en s\u00ed mismo e ignorando las reglas pol\u00edticas y sociales estandarizadas y menospreciando el inter\u00e9s general.<\/p>\n\n\n\n<p>S\u00e1nchez se cree capaz de realizar cometidos extraordinarios, fantasiosos, imposibles, de poder conseguir todo lo que se proponga, llegando a actuar por encima de toda moral y norma pol\u00edtica, y depreciando las opiniones de los dem\u00e1s.Un ego sobredimensionado, una ambici\u00f3n desmesurada y temeraria, una necesidad imperiosa de estar en el primer nivel, en lo m\u00e1s alto, de tener gran relevancia. No es consciente de la realidad ni del peligro; no reconoce el error, el da\u00f1o.<\/p>\n\n\n\n<p>Sea como fuere y por las causas que fueren, las consecuencias de esta pol\u00edtica suya vienen siendo aciagas para los espa\u00f1oles desde su inicio: tensi\u00f3n, crispaci\u00f3n, enfrentamientos. Los choques institucionales entre los Poderes del Estado y entre el Congreso y el Senado no tienen parang\u00f3n en la historia democr\u00e1tica reciente; los enfrentamientos polarizados y enconados entre parlamentarios, partidos pol\u00edticos, medios de comunicaci\u00f3n, familias, compa\u00f1eros, amigos, etc. est\u00e1n extralimitados.<\/p>\n\n\n\n<p>La situaci\u00f3n pol\u00edtica y social catalana permanecer\u00e1 como hist\u00f3ricamente ha estado, pero la de Espa\u00f1a en su conjunto se ha soliviantado peligrosamente.<\/p>\n\n\n\n<p>La Comisi\u00f3n de Venecia, \u00f3rgano consultivo del Consejo de Europa formado por expertos en derecho constitucional, ha recomendado al gobierno espa\u00f1ol en relaci\u00f3n con la Ley de Amnist\u00eda, amplitud de consenso, amplias mayor\u00edas, mayor participaci\u00f3n social e institucional y un tr\u00e1mite normalizado y relajado en su elaboraci\u00f3n y aprobaci\u00f3n. Pero lejos de estas recomendaciones, la Ley se ha aprobado con la mitad en contra de los miembros del Congreso, en contra del Senado y en contra tambi\u00e9n de la opini\u00f3n mayoritaria de los espa\u00f1oles, as\u00ed como censurada tambi\u00e9n por los servicios legales de la Comisi\u00f3n de Justicia del Congreso, del Senado, y, recientemente, con un informe negativo emitido por el Consejo General del Poder Judicial.<\/p>\n\n\n\n<p>\u00bfNo hay nadie cercano que le haga ver la realidad a S\u00e1nchez, que le diga que no merece la pena tanta crispaci\u00f3n, tensi\u00f3n y enfrentamiento por un sill\u00f3n presidencial, que ese no es el camino, que sea coherente con sus opiniones y compromisos?<\/p>\n\n\n\n<p>La gente quiere estabilidad, seguridad, tranquilidad y sosiego, que los pol\u00edticos resuelvan sus problemas y no que los acrecienten, y eso puede conseguirse y ha venido consigui\u00e9ndose desde la transici\u00f3n con pol\u00edticas centralizadas, con acuerdos de grandes mayor\u00edas, de mayor\u00edas estables.&nbsp;<\/p>\n\n\n\n<p>Mientras tanto, millones de catalanes no independentistas permanecen prudentes y callados, ajenos a la confrontaci\u00f3n, que quieren vivir en paz y sin enfrentamientos. Pero se siente intranquilos y amenazados ante un futuro incierto, mientras los que perturban su paz r\u00eden felices y se abrazan amenazantes, protegidos y apoyados por el gobierno, un gobierno que debe velar por la seguridad e intereses de todos los espa\u00f1oles.<\/p>\n\n\n\n<p>S\u00e1nchez deber\u00eda conocer y recapacitar sobre aquella cita atribuida a Eur\u00edpides que dec\u00eda: \u00abAquel a quien los dioses quieren destruir, primero lo vuelven loco\u00bb.<\/p>\n\n\n\n<p>Chove, marzo de 2024<\/p>\n","protected":false},"excerpt":{"rendered":"<p>S\u00e1nchez y el poder a cualquier precio El 14 de marzo del corriente se produjeron dos noticias significativas y de importancia: el Gobierno de Pedro S\u00e1nchez ha renunciado a presentar los Presupuestos Generales del Estado para 2024, y se ha&nbsp;aprobado&nbsp;la ley de&nbsp;Amnist\u00eda&nbsp;en el pleno del Congreso de los Diputados. Con respecto a la primera, hay [&hellip;]<\/p>\n","protected":false},"author":2,"featured_media":0,"comment_status":"open","ping_status":"open","sticky":false,"template":"","format":"standard","meta":{"footnotes":""},"categories":[1],"tags":[],"class_list":["post-1154","post","type-post","status-publish","format-standard","hentry","category-sin-categoria"],"_links":{"self":[{"href":"https:\/\/chove.hol.es\/web\/index.php?rest_route=\/wp\/v2\/posts\/1154","targetHints":{"allow":["GET"]}}],"collection":[{"href":"https:\/\/chove.hol.es\/web\/index.php?rest_route=\/wp\/v2\/posts"}],"about":[{"href":"https:\/\/chove.hol.es\/web\/index.php?rest_route=\/wp\/v2\/types\/post"}],"author":[{"embeddable":true,"href":"https:\/\/chove.hol.es\/web\/index.php?rest_route=\/wp\/v2\/users\/2"}],"replies":[{"embeddable":true,"href":"https:\/\/chove.hol.es\/web\/index.php?rest_route=%2Fwp%2Fv2%2Fcomments&post=1154"}],"version-history":[{"count":1,"href":"https:\/\/chove.hol.es\/web\/index.php?rest_route=\/wp\/v2\/posts\/1154\/revisions"}],"predecessor-version":[{"id":1155,"href":"https:\/\/chove.hol.es\/web\/index.php?rest_route=\/wp\/v2\/posts\/1154\/revisions\/1155"}],"wp:attachment":[{"href":"https:\/\/chove.hol.es\/web\/index.php?rest_route=%2Fwp%2Fv2%2Fmedia&parent=1154"}],"wp:term":[{"taxonomy":"category","embeddable":true,"href":"https:\/\/chove.hol.es\/web\/index.php?rest_route=%2Fwp%2Fv2%2Fcategories&post=1154"},{"taxonomy":"post_tag","embeddable":true,"href":"https:\/\/chove.hol.es\/web\/index.php?rest_route=%2Fwp%2Fv2%2Ftags&post=1154"}],"curies":[{"name":"wp","href":"https:\/\/api.w.org\/{rel}","templated":true}]}}