{"id":1266,"date":"2024-11-26T13:21:05","date_gmt":"2024-11-26T13:21:05","guid":{"rendered":"https:\/\/chove.hol.es\/web\/?p=1266"},"modified":"2024-11-26T13:21:05","modified_gmt":"2024-11-26T13:21:05","slug":"la-dana-los-presupuestos-y-los-politicos","status":"publish","type":"post","link":"https:\/\/chove.hol.es\/web\/?p=1266","title":{"rendered":"La DANA, los presupuestos y los pol\u00edticos"},"content":{"rendered":"\n<p>Como dir\u00eda un estoico, no se pueden evitar muchas de los fen\u00f3menos naturales que provoca la naturaleza, como la DANA (Depresi\u00f3n Aislada en Niveles Altos), pues estos son imprevisibles e incontrolables, pero s\u00ed prevenir, controlar y atender sus consecuencias catastr\u00f3ficas. En cualquier caso, una desgracia natural siempre provoca v\u00edctimas y perjudicados, lo que implica ineludiblemente tambi\u00e9n culpables. En esta l\u00ednea de pensamiento, supongo que todo lo ocurrido ha sido debido a error, inexperiencia e ineptitud de los pol\u00edticos, por lo que voy a comentar y valorar los hechos, los comportamientos observados y conocidos a trav\u00e9s de los medios de comunicaci\u00f3n.<\/p>\n\n\n\n<p>Como primer diagn\u00f3stico, considero que el principal responsable en la nefasta prevenci\u00f3n y atenci\u00f3n de la cat\u00e1strofe meteorol\u00f3gica es el Gobierno de la Comunidad Valenciana y su presidente Carlos Maz\u00f3n.<\/p>\n\n\n\n<p>Maz\u00f3n no puede eludir su m\u00e1xima incumbencia al no activar el sistema de alertas y no actuar como debiera haber actuado la primera autoridad de la Comunidad Valenciana. Y \u00e9l sabe bien esto, porque en 2022 reproch\u00f3 y critic\u00f3 al anterior presidente Ximo Puig por no haber alertado de un peligro que, en cuanto a gravedad y consecuencias, no tiene parang\u00f3n con lo sucedido ahora en Valencia. \u00abLa m\u00e1xima responsabilidad, seg\u00fan el plan de emergencias de la Comunidad Valenciana, la tiene la Generalitat Valenciana\u00bb, \u00ab\u00bfQu\u00e9 pasa con las responsabilidades pol\u00edticas?\u00bb, dijo entonces Maz\u00f3n. Ahora, seguro que recuerda sus palabras, pero le importan un bledo su incoherencia y su irresponsabilidad pol\u00edtica.<\/p>\n\n\n\n<p>Pero Maz\u00f3n y su Gobierno no son los \u00fanicos, y yo, como socialista, voy a centrarme tambi\u00e9n en la valoraci\u00f3n y critica de los m\u00edos, del Gobierno de Espa\u00f1a y de su presidente, como segundos responsables.<\/p>\n\n\n\n<p>En general, la irresponsabilidad de todos es manifiesta, pues los pol\u00edticos deber\u00edan ser conscientes de sus limitaciones y su incompetencia para algunos menesteres, y dejar que los t\u00e9cnicos y personal adecuado administrasen estas situaciones.<\/p>\n\n\n\n<p>El Gobierno de Espa\u00f1a y su presidente Pedro S\u00e1nchez, al comprobar la inacci\u00f3n e incapacidad del Gobierno de la Generalidad Valenciana, debieron reaccionar inmediatamente a la desgracia interviniendo de oficio, inmediatamente, declarando el estado de emergencia nacional, para atender y ayudar con los adecuados e importantes recursos de que dispone el Estado, y no esperar a que aquel lo solicitara. Dicen algunos que la reacci\u00f3n tard\u00eda de S\u00e1nchez obedec\u00eda a la estrategia pol\u00edtica de dejar que la bomba le explotara en las manos al PP, y que, al desmadrarse la situaci\u00f3n, esta le ha explotado tambi\u00e9n al PSOE. Yo no quiero creer tanta maldad y torpeza, y lo circunscribo simplemente a un error de previsi\u00f3n y c\u00e1lculo, e ineptitud.&nbsp;<\/p>\n\n\n\n<p>Posteriormente, si ahora el Estado tampoco dispone de los recursos presupuestarios necesarios para responder al desastre, el \u00fanico responsable de ello s\u00ed es Pedro S\u00e1nchez. Porque S\u00e1nchez, como presidente del gobierno de Espa\u00f1a, debe contar con unos Presupuestos Generales del Estado (PGE) aprobados cada a\u00f1o, para responder ante las necesidades del pa\u00eds y de los imprevistos. \u00c9l mismo lo dijo: \u201cun gobierno sin presupuestos es tan \u00fatil como un coche sin gasolina\u201d. Por tanto, este gobierno se est\u00e1 mostrando in\u00fatil, no funciona, no sirve. Y visto lo visto ante la DANA, es como un coche sin gasolina, sin frenos y sin conductor.<\/p>\n\n\n\n<p>Ahora, cuando ya no hay remedio, cuando estamos terminando el ejercicio 2024 con los presupuestos prorrogados de 2023 y no se han presentado todav\u00eda los de 2025, cuando m\u00e1s falta hacen, no puede pretender S\u00e1nchez culpar a otros y aprovechar el desastre de manera interesada, criticando y chantajeando a los grupos pol\u00edticos y presion\u00e1ndolos para la aprobaci\u00f3n de dichos presupuestos, y conseguir con ello solidez para la legislatura, supervivencia pol\u00edtica que es lo \u00fanico que parece que le interesa.<\/p>\n\n\n\n<p>Lo del coche sin gasolina, en alusi\u00f3n a la falta de presupuestos, lo dijo S\u00e1nchez para criticar a Rajoy por esta raz\u00f3n, pero cuando le ha tocado a \u00e9l, cuando es \u00e9l el que no puede aprobar los presupuestos, donde dijo digo dice Diego. Ahora, \u201cLos de 2023 son nuestros Presupuestos\u201d, \u201clos prorrogados ofrecen ya recursos suficientes\u201d, \u201cse puede avanzar en la agenda sin necesidad del concurso del Poder Legislativo\u201d; ahora, los presupuestos prorrogados \u00abson buenos\u00bb, \u00abrecogen las prioridades sociales del gobierno\u00bb; ahora, \u201cse pueden salvar algunas medidas mediante reales decretos o proposiciones de ley\u201d; ahora, \u00abno tener otros presupuestos no ser\u00eda ning\u00fan drama ni un obst\u00e1culo para la legislatura\u00bb. \u00bfAbrase visto mayor desfachatez?<\/p>\n\n\n\n<p>Independientemente de la necesidad sine qua non para que Espa\u00f1a funcione, los PGE son un mandato constitucional, no es un consejo ni una recomendaci\u00f3n, sino una obligaci\u00f3n, como lo dispone en su art\u00edculo 134.3: \u00abEl Gobierno deber\u00e1 presentar ante el Congreso de los Diputados los Presupuestos Generales del Estado al menos tres meses antes de la expiraci\u00f3n de los del a\u00f1o anterior\u00bb.<\/p>\n\n\n\n<p>Pero despu\u00e9s de todo lo visto, despu\u00e9s de tantas y tantas hechas, \u00bfa qui\u00e9n le puede extra\u00f1ar un enga\u00f1o m\u00e1s, un \u201ccambio de opini\u00f3n\u201d m\u00e1s? Errare humanum est; perseverare autem diabolicum, sentenci\u00f3 S\u00e9neca. La ciudadan\u00eda ya est\u00e1 arregostada a tanta falsedad y mentira. Pero no deber\u00eda hacerlo, porque los damnificados por estas conductas somos todos, y la dignidad, el respeto y la atenci\u00f3n al ciudadano debe prevalecer, ante todo. Porque un ciudadano responsable y digno deber\u00eda haber puesto remedio a las primeras de cambio.&nbsp;<\/p>\n\n\n\n<p>En cuanto al comentario de la visita de las autoridades al lugar de los hechos, las im\u00e1genes no pueden ser m\u00e1s esclarecedoras, m\u00e1s descriptivas de la realidad que nos compete. Yo, que no soy mon\u00e1rquico, creo que el comportamiento del rey ha afianzado la monarqu\u00eda. Su intervenci\u00f3n como hombre de Estado, su determinaci\u00f3n, firmeza, valent\u00eda y aplomo ante las comprensibles, aunque injustificadas por peligrosas, protestas de los vecinos, sin ning\u00fan gesto de miedo (cuerpo siempre erguido, cabeza alta, ojos abiertos, cara relajada, brazos ca\u00eddos, etc.) han logrado la estabilidad de la monarqu\u00eda para muchos a\u00f1os. El rey se mantuvo en el barro junto a los vecinos como uno m\u00e1s, arriesg\u00e1ndose a recibir cualquier impacto, charlando con ellos, mostr\u00e1ndoles comprensi\u00f3n, abraz\u00e1ndolos y prometi\u00e9ndoles ayuda y esperanza.<\/p>\n\n\n\n<p>Maz\u00f3n se escond\u00eda nervioso e inquieto parapetado tras el rey, con posturas y gestos de pavor, demostrando su culpabilidad injustificada, como reaccionan los ni\u00f1os tras una fechor\u00eda. Pero se mantuvo tambi\u00e9n en el lodazal ante el peligro.&nbsp;<\/p>\n\n\n\n<p>En contraste, el presidente S\u00e1nchez hu\u00eda con el rabo entre las piernas para ponerse r\u00e1pidamente a salvo, dejando tirado al rey, sin mediar palabra y con la cabeza gacha, no por verg\u00fcenza o humillaci\u00f3n, sino por miedo a recibir un golpe o pu\u00f1ado de barro, como cuando esperas recibir una colleja por tu mala conducta. Una imagen de mediocridad y pobreza pol\u00edtica indescriptible, de segunda categor\u00eda, vejatoria, de dimisi\u00f3n inminente.<\/p>\n\n\n\n<p>Cuando lo pienso detenidamente me pregunto, \u00bfpero en qu\u00e9 manos estamos? Con lo ocurrido en Valencia, el comportamiento de nuestros pol\u00edticos me da miedo, es una muestra de lo que pudiera ocurrir en el caso, Dios no lo quiera, de un cataclismo o una calamidad nacional. El Estado ha dado muestras fehacientes de debilidad en su representaci\u00f3n pol\u00edtica. Politiquillos incapaces e irresponsables que solo piensan en ellos y en sus intereses.<\/p>\n\n\n\n<p>Por eso no comprendo por qu\u00e9 no han dimitido inmediatamente, c\u00f3mo se puede dejar administrar la reconstrucci\u00f3n a los causantes de la desgracia. Siguen ah\u00ed porque saben que no pasa nada.<\/p>\n\n\n\n<p>Una sociedad que no asuma su responsabilidad exigiendo el cese inmediato de los pol\u00edticos ante comportamientos como los presentes, no es una sociedad madura ni culta ni civilizada ni de categor\u00eda. As\u00ed nos va.<\/p>\n\n\n\n<p>Siento pena por lo que estar\u00e1n pasando mis compa\u00f1eros fieles al secretario general y presidente del Gobierno, que no a S\u00e1nchez. Estoy seguro de que cada noche, en ese momento \u00edntimo de reflexi\u00f3n y contrici\u00f3n, dir\u00e1n lo que el gitano vendiendo su caballo ping\u00f3n en la feria de ganado del pueblo: \u201c\u00a1cabaaallo, y que tenga que decir yo que eres bueno!\u201d<\/p>\n\n\n\n<p>Chove, noviembre de 2024&nbsp;<\/p>\n","protected":false},"excerpt":{"rendered":"<p>Como dir\u00eda un estoico, no se pueden evitar muchas de los fen\u00f3menos naturales que provoca la naturaleza, como la DANA (Depresi\u00f3n Aislada en Niveles Altos), pues estos son imprevisibles e incontrolables, pero s\u00ed prevenir, controlar y atender sus consecuencias catastr\u00f3ficas. En cualquier caso, una desgracia natural siempre provoca v\u00edctimas y perjudicados, lo que implica ineludiblemente [&hellip;]<\/p>\n","protected":false},"author":2,"featured_media":0,"comment_status":"closed","ping_status":"open","sticky":false,"template":"","format":"standard","meta":{"footnotes":""},"categories":[1],"tags":[26,27,28],"class_list":["post-1266","post","type-post","status-publish","format-standard","hentry","category-sin-categoria","tag-dana","tag-pge","tag-presupuestos"],"_links":{"self":[{"href":"https:\/\/chove.hol.es\/web\/index.php?rest_route=\/wp\/v2\/posts\/1266","targetHints":{"allow":["GET"]}}],"collection":[{"href":"https:\/\/chove.hol.es\/web\/index.php?rest_route=\/wp\/v2\/posts"}],"about":[{"href":"https:\/\/chove.hol.es\/web\/index.php?rest_route=\/wp\/v2\/types\/post"}],"author":[{"embeddable":true,"href":"https:\/\/chove.hol.es\/web\/index.php?rest_route=\/wp\/v2\/users\/2"}],"replies":[{"embeddable":true,"href":"https:\/\/chove.hol.es\/web\/index.php?rest_route=%2Fwp%2Fv2%2Fcomments&post=1266"}],"version-history":[{"count":1,"href":"https:\/\/chove.hol.es\/web\/index.php?rest_route=\/wp\/v2\/posts\/1266\/revisions"}],"predecessor-version":[{"id":1267,"href":"https:\/\/chove.hol.es\/web\/index.php?rest_route=\/wp\/v2\/posts\/1266\/revisions\/1267"}],"wp:attachment":[{"href":"https:\/\/chove.hol.es\/web\/index.php?rest_route=%2Fwp%2Fv2%2Fmedia&parent=1266"}],"wp:term":[{"taxonomy":"category","embeddable":true,"href":"https:\/\/chove.hol.es\/web\/index.php?rest_route=%2Fwp%2Fv2%2Fcategories&post=1266"},{"taxonomy":"post_tag","embeddable":true,"href":"https:\/\/chove.hol.es\/web\/index.php?rest_route=%2Fwp%2Fv2%2Ftags&post=1266"}],"curies":[{"name":"wp","href":"https:\/\/api.w.org\/{rel}","templated":true}]}}