{"id":285,"date":"2016-01-03T17:37:05","date_gmt":"2016-01-03T17:37:05","guid":{"rendered":"http:\/\/chove.hol.es\/web\/?p=285"},"modified":"2016-01-03T17:37:05","modified_gmt":"2016-01-03T17:37:05","slug":"un-dia-de-rehabilitacion","status":"publish","type":"post","link":"https:\/\/chove.hol.es\/web\/?p=285","title":{"rendered":"Un d\u00eda de rehabilitaci\u00f3n"},"content":{"rendered":"<p>Son las ocho y media de la ma\u00f1ana, martes, no tiene que sonar el despertador, estoy despierto y me levanto decido, con ilusi\u00f3n y \u00e1nimo renovado. Hoy toca rehabilitaci\u00f3n a las diez en punto en el local de la Asociaci\u00f3n de Pacientes Card\u00edacos de Granada y Provincia; me aseo, desayuno y preparo la mochila. Las noticias de la radio cada d\u00eda empeoran la prima de riesgo y la bolsa. La temperatura del cartel de la farmacia determinar\u00e1 la ropa de abrigo que preciso; es obligado hacerlo porque el oraje en Granada cambia de la noche a la ma\u00f1ana y hay que prevenir sorpresas. No se me hace mon\u00f3tono el trayecto aun siendo siempre el mismo, al contrario, es distra\u00eddo, ameno y resulta cada d\u00eda diferente, porque, creo yo, el \u00e1nimo que provoca en mi mente la experiencia que me espera irradia en m\u00ed un sentimiento positivo que convierte en agradables todos los est\u00edmulos que me circundan. Salgo a la calle y me reencuentro con el grato bullicio de la vida, del tr\u00e1fico y las personas que transitan por Recogidas, llenas de vitalidad y presurosas a sus quehaceres diarios, a sus mandados, al trabajo del que todav\u00eda lo conserva. En la esquina ya est\u00e1 tocando su viol\u00edn el rumano, que me saluda mostrando con timidez una leve reverencia \u2013creo que por confianza y agradecimiento de vecindad, pues nunca he hablado con \u00e9l ni le he correspondido con moneda alguna-. Un poco m\u00e1s abajo hay otro que toca igual de mal el acorde\u00f3n. Si estos hombres practicaran con intenci\u00f3n de aprender a tocar bien las muchas horas que le dedican al d\u00eda, estoy seguro de que conseguir\u00edan ganarse con la m\u00fasica mucho mejor la vida. Al fondo de la calle ya me ha divisado de lejos un joven<br \/>\nafricano, me espera con su cara de \u00e9bano angelical y ojos como platos, gorro entre las manos a modo de jarrillo, esbozando una agradable sonrisa. \u201cBuenos d\u00edas, se\u00f1or\u201d, \u201cbuenos d\u00edas\u201d, le contesto con gesto de correspondencia, complementada los viernes con una moneda de euro. Como ellos, veo cada d\u00eda m\u00e1s pobres gentes suplicando ayuda e incluso discutiendo entre ellos, disputando su espacio y miseria; los tiempos presentes empeoran para todos, pero m\u00e1s para los desgraciados. A la par, proliferan los carteles de \u201cTraspasa\u201d, \u201cVende\u201d o \u201cAlquila\u201d. Mientras tanto, y a pesar de la agobiante crisis, a uno y otro lado de la acera, Caja Granada, Caja Rural, La Caixa y otras entidades bancarias se afanan en la atenci\u00f3n de sus clientes que esperan agrupados en largas colas; las perfumer\u00edas, cafeter\u00edas, tiendas de m\u00f3viles y otros comercios tambi\u00e9n hacen su negocio. Y yo no dejo de pensar cada d\u00eda en estos pobres pedig\u00fce\u00f1os y en sus familias, sus padres, hermanos, esposas e hijos. En lo trabajosa que resulta la vida para los desdichados y en lo injusto de su destino. \u00bfQu\u00e9 culpa tienen ellos de haber nacido en sus lugares de origen, en esas familias? En el mundo no habr\u00e1 justicia ni paz mientras que unos lo tengan todo y otros nada posean. Contin\u00fao mi camino y distraigo el pensamiento observando el lento avance de las obras del metro por la redonda; de ello se quejan los vecinos y comerciantes afectados. \u00bfNo se podr\u00eda haber hecho el metro s\u00f3lo en superficie, ahorrando tiempo de ejecuci\u00f3n y dinero? Porque hay que ver la maquinaria pesada que se est\u00e1 utilizando y la cantidad de hierro y hormig\u00f3n que se entierra; \u00a1lo que eso debe costar, y en los tiempos que corren! \u00bfNo se podr\u00eda haber empleado el dinero en investigaci\u00f3n cient\u00edfico-m\u00e9dica, para averiguar por qu\u00e9 se adhiere el colesterol a las paredes de las coronarias ocasionando esta enfermedad tan generalizada? Bueno, esperemos que al menos merezca la pena, y si el resultado de la inversi\u00f3n es exitoso se olvidar\u00e1 y perdonar\u00e1 todo.<br \/>\nLas aguas embalsadas del Genil impiden apreciar su caudal, pero debe ser bajo porque este invierno ha sido poco generoso en lluvias. No obstante, la ribera ilusiona y levanta el \u00e1nimo con el volumen de agua embalsada y el paseo arbolado. Me gusta ver el agua correr en la b\u00fasqueda de los campos para darles vida, porque el agua es vida y ni los campos ni nosotros ser\u00edamos nada sin ella.<br \/>\nLos alumnos del colegio \u201cJard\u00edn de la Reina\u201d corretean y juegan inocentemente en el patio, ajenos a lo que le deparar\u00e1 el futuro; todav\u00eda no ha llegado su tiempo de enfrentarse en solitario a la realidad, de echar a volar. Un grupo de maestros debate airado, gesticulando y alzando la voz, sobre los recortes en educaci\u00f3n. Casi enfrente, alumnos de otros centros brincan con gran alborozo retozando al bajar de los autobuses que los han transportado desde sus lugares de origen para visitar el Parque de las Ciencias. La acertada inversi\u00f3n en este proyecto la observo cada d\u00eda en el ambiente de visitas y en las muestras de satisfacci\u00f3n de los visitantes.<br \/>\nUn poco m\u00e1s adelante, a medio camino de mi destino, a los pies del edificio de Caja Granada \u2013ese enorme cubo de hormig\u00f3n con ventanas sim\u00e9tricas que me recuerda al cementerio, fr\u00edo y feo para mi gusto, pero exitoso para entendidos en dise\u00f1o arquitect\u00f3nico- un grupo de mayores aficionados al ciclismo se dan cita en este lugar para iniciar su itinerario de hoy; algunos, asegurar\u00eda que superan los setenta. En Granada y los pueblos del cintur\u00f3n hay buena afici\u00f3n a este deporte tan sano, y prueba de ello la da el magn\u00edfico trabajo de las escuelas de ciclismo como \u201cMountain bike churriana\u201d, \u201cclub ciclista loje\u00f1o\u201d, \u201cSanta Fe\u201d, \u201cArmilla\u201d, \u201cHu\u00e9tor T\u00e1jar\u201d y muchos otros cuya labor nunca ser\u00e1 suficientemente agradecida. Aprovecho aqu\u00ed para rendir homenaje al amateur y gran campe\u00f3n montefrie\u00f1o David Romero Cano: ha sido dos veces Campe\u00f3n del Mundo en la categor\u00eda M\u00e1ster 30, Campe\u00f3n de la Copa de Espa\u00f1a y bronce en el Mundial del 2008.<br \/>\nDurante mi trayecto paso tambi\u00e9n por dos bonitos parques bien habilitados con equipamiento de gimnasia, del que hacen buen uso vecinos de todas las edades de los barrios colindantes; esta pr\u00e1ctica, cada vez m\u00e1s generalizada, redundar\u00e1 sin duda en beneficio de su salud.<br \/>\nYa queda menos por llegar, voy con buen tiempo, suficiente para saludar y departir unos minutos con los compa\u00f1eros de grupo de rehabilitaci\u00f3n.<br \/>\nLa calle Dr. F\u00e9lix Rodr\u00edguez de la Fuente es una especie de bulevar que me protege con su arboleda de la lluvia en invierno y del sol en verano, y a su tr\u00e1nsito me rejuvenece el ambiente de los grandes centros educativos de Salesianos y Carmelo. En ella prestan tambi\u00e9n las Hermanitas de los Pobres una magn\u00edfica labor social en el extraordinario edificio de cinco estrellas que usan como Residencia para Mayores \u2013las hermanas llevan trabajando por los pobres de Granada ciento cincuenta a\u00f1os-. Est\u00e1 considerada como una de las mejores residencias de Granada. Se presenta como un problema importante para \u00e9sta nuestra nueva sociedad el encontrar un lugar adecuado para ser atendidas con dignidad las personas en la \u00faltima etapa de su vida; por ello cobra mayor valor el servicio de estas Hermanas. Siempre hay alguien barriendo, cortando c\u00e9sped, arreglando los jardines, etc. Me hace feliz ver a los viejecillos sentados c\u00f3modamente o paseando por el recinto ajardinado. Espero, al menos, verme como ellos alg\u00fan d\u00eda.<br \/>\nYa han terminado las obras de la glorieta de la esquina del Carmelo; la proximidad de las \u00faltimas elecciones le imprimi\u00f3 mayor velocidad. La plazoleta Francisco Palau y Quer ha mejorado mucho, y hermosea en el centro la imagen del ilustre beato, sacerdote y fraile carmelita. Gracias a la democracia, los barrios obreros perif\u00e9ricos hist\u00f3ricamente olvidados por la administraci\u00f3n, como el del Zaid\u00edn, comenzaron a cobrar protagonismo, aunque todav\u00eda no todo el que en justicia les corresponde.<br \/>\nYa estoy en la puerta de la sede de la Asociaci\u00f3n, se me ilumina un poco el alma, porque la rehabilitaci\u00f3n y las actividades en general que en ella se practican no s\u00f3lo estimulan el coraz\u00f3n, los m\u00fasculos y los huesos, sino a la persona como un todo: su estado de \u00e1nimo, el equilibrio mental, los sentimientos, las emociones, etc.; en definitiva, el cuerpo, la mente y el alma.<br \/>\nLa principal preocupaci\u00f3n de las personas es el miedo, el miedo al dolor y la muerte, el miedo a lo desconocido. Y la Asociaci\u00f3n es uno de los mejores ant\u00eddotos contra ese miedo; nos agrupamos no s\u00f3lo para sentirnos seguros y protegidos, solidariz\u00e1ndonos en la lucha contra la enfermedad, sino para descubrir nuevos horizontes, senderos alternativos, esperanza, en suma, porque la vida sigue ah\u00ed en todo su esplendor.<br \/>\nHemos tenido mucha suerte desde el preciso momento de la constituci\u00f3n de esta organizaci\u00f3n, pues siempre hemos contado con personas altruistas, desinteresadas, que han ofrecido su dedicaci\u00f3n y esfuerzo para llevar las riendas de la Asociaci\u00f3n y colaborar en pro de los fines marcados, as\u00ed como de su buen funcionamiento. Todas las Juntas Directivas han hecho un buen trabajo: Vicente, Rafael, Sebasti\u00e1n; el Dr. Rodr\u00edguez, nuestro cardi\u00f3logo, nos controla, nos sigue y orienta; Antonio Guerrero, el incansable revistero y responsable de la red inform\u00e1tica; la fact\u00f3tum y alegre Loreto; los voluntarios y tantos otros que har\u00edan una lista interminable. La actual Directiva de Miguel Rodr\u00edguez, en el poco tiempo que lleva de gesti\u00f3n, est\u00e1 ya dando muestras de un trabajo serio y responsable.<br \/>\nAbro la puerta y me encuentro a sor Josefina, el alma mater de la casa, nuestra madre, una mujer coronada en plata, sencilla, callada y tierna, pero dura y suave como la piedra viva de r\u00edo para el trabajo con los dem\u00e1s; su humildad le dificulta mirar hacia arriba, a la cara. En religiosos y religiosas como ella hay que observar la misi\u00f3n de la iglesia, y no en la alta jerarqu\u00eda perdida en la mara\u00f1a interesada y fr\u00eda de la pol\u00edtica y el poder.<br \/>\nMi grupo de rehabilitaci\u00f3n es cohesionado y responsable, que sigue disciplinado los ejercicios y controles precisos de Lola, nuestra querida y activa fisioterapeuta. Aqu\u00ed nos pesan, nos miden, nos toman la tensi\u00f3n arterial y la frecuencia card\u00edaca, y procuran mantenernos en forma \u2013dependiendo de nuestra colaboraci\u00f3n- para prevenir episodios como el que nos trajo aqu\u00ed.<br \/>\nDesde que entramos hasta que salimos de la sede pasa alrededor de hora y media, y todo ese tiempo es tiempo de rehabilitaci\u00f3n, porque tambi\u00e9n nos rehabilitamos con la simpat\u00eda, el permanente buen humor y el \u00e1nimo de nuestros compa\u00f1eros, como el de nuestro querido Manuel castilla, un veterano de la vida y de dilatada experiencia, que ha pasado por muchos caminos, que ha recorrido Europa \u2013Alemania, Francia, Luxemburgo, B\u00e9lgica- trabajando duro para sacar a su familia adelante. O el de Juan Jim\u00e9nez, cuya voluntad inquebrantable le ayuda a venir a veces hasta con andador, sin miedo a las malas jugadas que le hace pasar la pr\u00f3stata, y ri\u00e9ndose de sus temblores diciendo que se la tiene que coger para mear con la mano izquierda porque con la derecha pone perdido el cuarto de ba\u00f1o. \u201cEst\u00e1s como un chavea, Juan\u201d, le dice un compa\u00f1ero. \u201cNo me digas eso, contesta con ese fino humor grana\u00edno, vayamos a que me d\u00e9 ahora tambi\u00e9n el sarampi\u00f3n\u201d. De todos ellos aprendo cada d\u00eda algo, a seguir viviendo con alegr\u00eda e ilusi\u00f3n.<br \/>\nY es que la Asociaci\u00f3n y la rehabilitaci\u00f3n nos ha hecho concebir la vida de otra forma: con calma, sin intereses superfluos, con tolerancia, con sensibilidad, con mucha ilusi\u00f3n, con ganas y muy intensamente.<br \/>\nGranada junio de 2012<br \/>\nJos\u00e9 Guzm\u00e1n Flores (Chove). Para la revista Vivir con Coraz\u00f3n<\/p>\n","protected":false},"excerpt":{"rendered":"<p>Son las ocho y media de la ma\u00f1ana, martes, no tiene que sonar el despertador, estoy despierto y me levanto decido, con ilusi\u00f3n y \u00e1nimo renovado. Hoy toca rehabilitaci\u00f3n a las diez en punto en el local de la Asociaci\u00f3n de Pacientes Card\u00edacos de Granada y Provincia; me aseo, desayuno y preparo la mochila. Las [&hellip;]<\/p>\n","protected":false},"author":2,"featured_media":0,"comment_status":"open","ping_status":"open","sticky":false,"template":"","format":"standard","meta":{"footnotes":""},"categories":[1],"tags":[],"class_list":["post-285","post","type-post","status-publish","format-standard","hentry","category-sin-categoria"],"_links":{"self":[{"href":"https:\/\/chove.hol.es\/web\/index.php?rest_route=\/wp\/v2\/posts\/285","targetHints":{"allow":["GET"]}}],"collection":[{"href":"https:\/\/chove.hol.es\/web\/index.php?rest_route=\/wp\/v2\/posts"}],"about":[{"href":"https:\/\/chove.hol.es\/web\/index.php?rest_route=\/wp\/v2\/types\/post"}],"author":[{"embeddable":true,"href":"https:\/\/chove.hol.es\/web\/index.php?rest_route=\/wp\/v2\/users\/2"}],"replies":[{"embeddable":true,"href":"https:\/\/chove.hol.es\/web\/index.php?rest_route=%2Fwp%2Fv2%2Fcomments&post=285"}],"version-history":[{"count":1,"href":"https:\/\/chove.hol.es\/web\/index.php?rest_route=\/wp\/v2\/posts\/285\/revisions"}],"predecessor-version":[{"id":286,"href":"https:\/\/chove.hol.es\/web\/index.php?rest_route=\/wp\/v2\/posts\/285\/revisions\/286"}],"wp:attachment":[{"href":"https:\/\/chove.hol.es\/web\/index.php?rest_route=%2Fwp%2Fv2%2Fmedia&parent=285"}],"wp:term":[{"taxonomy":"category","embeddable":true,"href":"https:\/\/chove.hol.es\/web\/index.php?rest_route=%2Fwp%2Fv2%2Fcategories&post=285"},{"taxonomy":"post_tag","embeddable":true,"href":"https:\/\/chove.hol.es\/web\/index.php?rest_route=%2Fwp%2Fv2%2Ftags&post=285"}],"curies":[{"name":"wp","href":"https:\/\/api.w.org\/{rel}","templated":true}]}}