{"id":305,"date":"2016-01-06T19:15:20","date_gmt":"2016-01-06T19:15:20","guid":{"rendered":"http:\/\/chove.hol.es\/web\/?p=305"},"modified":"2016-01-06T19:15:20","modified_gmt":"2016-01-06T19:15:20","slug":"historia-de-una-fotografia","status":"publish","type":"post","link":"https:\/\/chove.hol.es\/web\/?p=305","title":{"rendered":"Historia de una fotograf\u00eda"},"content":{"rendered":"<p>Hoy quiero contaros una historia personal para que quede constancia de ella, pues de no hacerlo pasar\u00eda al futuro ignorada y oculta, como si no hubiese ocurrido. Se trata de una experiencia que por su contenido pudiera parecer lejana, de otro lugar o incluso de ficci\u00f3n, pero por su vivencia y recuerdo pertenece a mi realidad presente o, como mucho, al pasado inmediato.<\/p>\n<p>La fotograf\u00eda que os muestro es del a\u00f1o 1967, hecha por Longinos un d\u00eda en el que autoridades provinciales vinieron a Montefr\u00edo para inspeccionar la marcha de las obras del Complejo Educativo. Esta preciosidad de foto la encontr\u00e9 casualmente en los archivos del ayuntamiento cuando estaba buscando en ellos informaci\u00f3n para mis trabajos. La instant\u00e1nea no ofrecer\u00eda otro inter\u00e9s que el de observar las circunstancias de las extraordinarias obras de infraestructura educativa realizadas en nuestro pueblo en aquellos a\u00f1os, pero cu\u00e1l ser\u00eda mi asombro cuando en una primera visi\u00f3n compruebo que entre la comitiva popular que acompa\u00f1aba a las autoridades me encontraba yo, acompa\u00f1ado de mis amigos Pepito el de los \u201cFederiquillos\u201d y Manolillo el \u201cMunicipal\u201d \u2013\u00e9ste \u00faltimo ya desaparecido, desgraciadamente-.<br \/>\n\u00a1Qu\u00e9 gran sorpresa, no lo pod\u00eda creer!. Pero en una segunda observaci\u00f3n compruebo con extra\u00f1eza que s\u00ed, que soy yo, pero aparezco diferenciado con una circunferencia que me rodea la cabeza. \u00a1Era yo, sin lugar a dudas, y estaba se\u00f1alado entre toda la gente!. Esta circunstancia provoc\u00f3 en m\u00ed un enigma y desasosiego que me impuls\u00f3 a investigar el porqu\u00e9 de aquella particularidad. R\u00e1pidamente solicit\u00e9 del archivero Antonio Guzm\u00e1n y de algunos funcionarios informaci\u00f3n al respecto, pero nadie era conocedor siquiera de su existencia.<br \/>\nDespu\u00e9s de poner en marcha otras estrategias de investigaci\u00f3n, que no son precisas de menci\u00f3n, hall\u00e9 luz para mi obnubilaci\u00f3n y zozobra ordenando el pasado y recobrando la serenidad de \u00e1nimo.<br \/>\nTodo arranca de aquellos a\u00f1os en los que alternaba Montefr\u00edo con Barcelona un personaje singular al que llamaban \u201cGaonas\u201d, un hombre de mediana edad, soltero, bajito, con gafas de montura oscura y recia, de complexi\u00f3n fuerte y abundante pelo ensortijado, que estaba algo chiflado y gustaba de filosofar, emitir sentencias, refranes y juicios pol\u00edticos. Pues bien, a este hombre lo vi yo una tarde escribiendo con el dedo en la luna empolvada del cristal de atr\u00e1s de los pocos coches que estaban aparcados en el Paseo \u201cViva el comunismo\u201d. Yo, con quince a\u00f1os, no ten\u00eda ni idea, ni creo que nadie de los ni\u00f1os de mi edad, de lo que era el comunismo, y no le di mayor importancia, atribuyendo el hecho a una m\u00e1s de las extravagancias de aquel hombre.<br \/>\nPero mire usted por d\u00f3nde, a los pocos d\u00edas, un grupo de vecinos fuimos una tarde de aquel verano a acompa\u00f1ar al cura del convento, Don Jos\u00e9 Antonio, a visitar la parroquia de la vecina localidad de \u00cdllora. Nos traslad\u00e1bamos en un autocar, ya anticuado para los a\u00f1os en que ocurrieron los hechos que narro, por la carretera sin asfaltar de la sierra de Parapanda, y cuando nos encontr\u00e1bamos en medio del trayecto, en una peque\u00f1a recta y de terreno llano, el motor dej\u00f3 de funcionar y el veh\u00edculo se par\u00f3 en medio de la carretera. Ante aquel imprevisto, el conductor solicit\u00f3 voluntarios para empujar la alsina \u2013as\u00ed llam\u00e1bamos a los autobuses- con el fin de intentar arrancarlo d\u00e1ndole una racha. Nos bajamos todos los viajeros y nos pusimos a empujar aquel viejo y destartalado trasto, que adem\u00e1s se hab\u00eda impregnado y recubierto de polvo de la carretera como si de una funda se tratase. Los cristales de atr\u00e1s blanqueaban hasta el punto de impedir la visi\u00f3n a su trav\u00e9s. Y yo, que empujaba solidariamente con ah\u00ednco bajo los mismos, haciendo verdad el principio Pauloviano de est\u00edmulo-respuesta, no dud\u00e9 en responder ante aquella llamada provocadora, imitando a Gaonas y surcando con mi inocente dedo sobre la sucia luna trasera la desafortunada frase \u201cviva el comunismo\u201d.<br \/>\nEn aquel momento, mi acci\u00f3n no tuvo mayor trascendencia, pues el fin principal en el que todos est\u00e1bamos inmersos, el de volver a arrancar aquel maldito cacharro, la hizo pasar<\/p>\n<p>desapercibida. Pero una tarde de unos d\u00edas despu\u00e9s, cuando terminaba mi clase de permanencias con Don Manuel Dur\u00e1n, \u00e9ste me pidi\u00f3 que me esperara un momento porque ten\u00eda que hablar conmigo. Sin ning\u00fan tipo de pre\u00e1mbulo ni explicaci\u00f3n me pregunt\u00f3: -\u00bfpor qu\u00e9 has escrito eso?. Yo no ten\u00eda ni idea de a qu\u00e9 se refer\u00eda, pues hab\u00edan pasado ya unos d\u00edas del hecho contado anteriormente y, adem\u00e1s, para m\u00ed pas\u00f3 al olvido sin darle mayor importancia.<br \/>\n-\u00bfQu\u00e9 escrito?, devolv\u00ed la pregunta inocentemente. Pero Don Manuel insisti\u00f3 escuetamente, sin a\u00f1adir ning\u00fan detalle, -el que t\u00fa sabes que has hecho. Aquel interrogatorio tan enigm\u00e1tico empez\u00f3 a provocar en m\u00ed una preocupaci\u00f3n porque de \u00e9l deduc\u00eda que algo serio hab\u00eda ocurrido. \u2013Don Manuel, le juro que no he escrito nada ni s\u00e9 de lo que me est\u00e1 usted hablando, le contest\u00e9 con sinceridad porque segu\u00eda sin recordar la dichosa an\u00e9cdota del autob\u00fas. \u2013Lo que escribiste en el autocar de l\u00ednea el d\u00eda que acompa\u00f1asteis al cura del convento a \u00cdllora; \u00bfd\u00f3nde has aprendido t\u00fa eso, lo has o\u00eddo de tu padre, en tu casa?. Aquellas palabras tan directas evocaron como un flash la imagen del autob\u00fas en mi mente sumi\u00e9ndome en tal tristeza y verg\u00fcenza \u2013porque yo no hab\u00eda querido mentir- que casi romp\u00ed a llorar. Entonces, de inmediato y con total sinceridad, pues no ten\u00eda por qu\u00e9 esconder nada, cont\u00e9 a Don Manuel Dur\u00e1n toda la historia de las inoportunas palabras.<br \/>\nMi querido maestro, tras consolarme y tranquilizarme me confes\u00f3 que no hab\u00eda dudado de mi inocencia, pero no tuvo m\u00e1s remedio que actuar as\u00ed, pues a \u00e9l le hab\u00edan confiado la investigaci\u00f3n por ser mi maestro y conocerme bien, una vez averiguado por la guardia civil y la polic\u00eda local la autor\u00eda de los hechos, ya que, adem\u00e1s, yo frecuentaba como todos los ni\u00f1os del pueblo las instalaciones y juegos de la OJE, de la que \u00e9l era el m\u00e1ximo responsable local. Me cont\u00f3 Don Manuel que a la ma\u00f1ana siguiente del d\u00eda de los hechos, cuando el autob\u00fas se estacion\u00f3 en la plaza del pueblo para realizar su servicio diario de transporte de viajeros, aquellas tres palabras impresas en \u00e9l llamaron de inmediato la atenci\u00f3n de alg\u00fan miembro de las fuerzas vivas del pueblo cuando se dispon\u00eda a tomar caf\u00e9 en la tasca del \u201cCanca\u201d. R\u00e1pidamente reclamaron la ayuda de la polic\u00eda municipal para que solicitase informaci\u00f3n del porqu\u00e9 de aquella frase y de qui\u00e9n la hab\u00eda escrito.<br \/>\nDon Manuel me dio una peque\u00f1a clase de lo que seg\u00fan \u00e9l era el comunismo; recuerdo que sin darle mayor importancia, imparcialmente, pero, eso s\u00ed, advirti\u00e9ndome de los riesgos que hab\u00eda corrido por las consecuencias de mi imprudente acci\u00f3n, como ficharme de por vida, no poder ejercer en la funci\u00f3n p\u00fablica, la mili, el pasaporte, el trabajo y otras muchas secuelas.<br \/>\nPosteriormente, ya de mayor, recordando aquella conversaci\u00f3n, me traicion\u00f3 la mente con un mal pensamiento de que quiz\u00e1 se mostrar\u00eda tan neutral cubri\u00e9ndose las espaldas ante el futuro, por si las mosca, -conocida es la habilidad pol\u00edtica de mi apreciado y amigo profesor- ya que, a pesar de mi presunta inocencia, acaso pudiera existir alg\u00fan trasfondo de organizaci\u00f3n clandestina.<br \/>\nY esta es la curiosa historia de esta bonita fotograf\u00eda, utilizada al parecer para identificarme f\u00edsica y gr\u00e1ficamente como presunto responsable y autor de los hechos en el expediente de investigaci\u00f3n abierto para el esclarecimiento de la causa de \u201cla frase en el autob\u00fas de l\u00ednea\u201d, y del que, afortunadamente y tambi\u00e9n gracias a mi apreciado maestro, s\u00f3lo ha quedado como resultado el crudo recuerdo en la memoria y esta entra\u00f1able fotograf\u00eda olvidada y desconocida en el rinc\u00f3n de un armario del archivo municipal. Y all\u00ed permanecer\u00e1 para siempre \u2013la presente es una copia-, pues as\u00ed lo ha querido el archivero y yo he consentido, -por eso narro la presente aclaraci\u00f3n-, porque es un documento gr\u00e1fico de la historia de nuestro pueblo y la vida de sus vecinos.<br \/>\nJos\u00e9 Guzm\u00e1n Flores. Chove. Noviembre de 2012<\/p>\n","protected":false},"excerpt":{"rendered":"<p>Hoy quiero contaros una historia personal para que quede constancia de ella, pues de no hacerlo pasar\u00eda al futuro ignorada y oculta, como si no hubiese ocurrido. Se trata de una experiencia que por su contenido pudiera parecer lejana, de otro lugar o incluso de ficci\u00f3n, pero por su vivencia y recuerdo pertenece a mi [&hellip;]<\/p>\n","protected":false},"author":2,"featured_media":0,"comment_status":"closed","ping_status":"open","sticky":false,"template":"","format":"standard","meta":{"footnotes":""},"categories":[1],"tags":[],"class_list":["post-305","post","type-post","status-publish","format-standard","hentry","category-sin-categoria"],"_links":{"self":[{"href":"https:\/\/chove.hol.es\/web\/index.php?rest_route=\/wp\/v2\/posts\/305","targetHints":{"allow":["GET"]}}],"collection":[{"href":"https:\/\/chove.hol.es\/web\/index.php?rest_route=\/wp\/v2\/posts"}],"about":[{"href":"https:\/\/chove.hol.es\/web\/index.php?rest_route=\/wp\/v2\/types\/post"}],"author":[{"embeddable":true,"href":"https:\/\/chove.hol.es\/web\/index.php?rest_route=\/wp\/v2\/users\/2"}],"replies":[{"embeddable":true,"href":"https:\/\/chove.hol.es\/web\/index.php?rest_route=%2Fwp%2Fv2%2Fcomments&post=305"}],"version-history":[{"count":1,"href":"https:\/\/chove.hol.es\/web\/index.php?rest_route=\/wp\/v2\/posts\/305\/revisions"}],"predecessor-version":[{"id":306,"href":"https:\/\/chove.hol.es\/web\/index.php?rest_route=\/wp\/v2\/posts\/305\/revisions\/306"}],"wp:attachment":[{"href":"https:\/\/chove.hol.es\/web\/index.php?rest_route=%2Fwp%2Fv2%2Fmedia&parent=305"}],"wp:term":[{"taxonomy":"category","embeddable":true,"href":"https:\/\/chove.hol.es\/web\/index.php?rest_route=%2Fwp%2Fv2%2Fcategories&post=305"},{"taxonomy":"post_tag","embeddable":true,"href":"https:\/\/chove.hol.es\/web\/index.php?rest_route=%2Fwp%2Fv2%2Ftags&post=305"}],"curies":[{"name":"wp","href":"https:\/\/api.w.org\/{rel}","templated":true}]}}