{"id":321,"date":"2016-01-09T20:28:03","date_gmt":"2016-01-09T20:28:03","guid":{"rendered":"http:\/\/chove.hol.es\/web\/?p=321"},"modified":"2016-01-10T19:11:35","modified_gmt":"2016-01-10T19:11:35","slug":"pilonchas-obituario-publicado-en-ideal","status":"publish","type":"post","link":"https:\/\/chove.hol.es\/web\/?p=321","title":{"rendered":"Pilonchas, obituario (publicado en Ideal)."},"content":{"rendered":"<p>El d\u00eda 27 de febrero Montefr\u00edo dijo adi\u00f3s a un personaje singular de su pueblo. Y digo bien, Montefr\u00edo, porque los vecinos del pueblo abarrotaron la Iglesia de La Encarnaci\u00f3n y le acompa\u00f1aron hasta el cementerio. Una riada humana ha transitado por el tanatorio para mostrar sus condolencias a la familia. Crist\u00f3bal Pedregosa \u00c1vila era conocido y querido por todo el mundo por su profesi\u00f3n y por su forma de vida. Inici\u00f3 su \u00faltimo viaje sin despedirse, sorprendi\u00e9ndonos a todos, como acostumbraba a sorprendernos con todas sus cosas.<br \/>\n<a href=\"http:\/\/chove.hol.es\/web\/wp-content\/uploads\/2016\/01\/Sin-t\u00edtulo18.png\"><img loading=\"lazy\" decoding=\"async\" class=\"aligncenter  wp-image-324\" src=\"http:\/\/chove.hol.es\/web\/wp-content\/uploads\/2016\/01\/Sin-t\u00edtulo18.png\" alt=\"Sin t\u00edtulo\" width=\"481\" height=\"361\" srcset=\"https:\/\/chove.hol.es\/web\/wp-content\/uploads\/2016\/01\/Sin-t\u00edtulo18.png 2816w, https:\/\/chove.hol.es\/web\/wp-content\/uploads\/2016\/01\/Sin-t\u00edtulo18-300x225.png 300w, https:\/\/chove.hol.es\/web\/wp-content\/uploads\/2016\/01\/Sin-t\u00edtulo18-1024x768.png 1024w\" sizes=\"auto, (max-width: 481px) 100vw, 481px\" \/><\/a>Empez\u00f3 a trabajar desde que era un ni\u00f1o y se fue trabajando para sus hijos, como sol\u00eda trabajar por todos los hijos del mundo. Era una magn\u00edfica persona, querida por todos. Su generosidad y solidaridad sin l\u00edmites le hac\u00eda estar siempre a disposici\u00f3n de los dem\u00e1s; nunca se quejaba ni mostraba fatiga. Su sensibilidad y preocupaci\u00f3n por los m\u00e1s desfavorecidos le aproxim\u00f3 a la pol\u00edtica, a la pol\u00edtica b\u00e1sica, de a pi\u00e9, llegando a ser un referente org\u00e1nico e institucional socialista de Montefr\u00edo. Fil\u00e1ntropo por excelencia, colaboraba con el Ayuntamiento, con la Iglesia, con la M\u00fasica, con la Rondalla, con todo el que se lo pidiese y a\u00fan sin ped\u00edrselo; organizaba campa\u00f1as para ayudar a los pa\u00edses que sufriesen alg\u00fan tipo de cat\u00e1strofe o calamidad, al tercer mundo, a cualquier rinc\u00f3n de la tierra que tuviera necesidad; participaba en concursos con su gran capacidad creativa para con los premios obtenidos socorrer a los necesitados; era el pilar b\u00e1sico de las fiestas populares y de su barrio: Carnaval, Candelaria, Navidad; la puerta de su casa siempre estaba abierta para la solidaridad con los ni\u00f1os saharauis, bielorrusos, hispanoamericanos, etc.<br \/>\nSu amor y profundo respeto por la naturaleza le permit\u00eda vivir plenamente integrado en ella; conoc\u00eda la flora y fauna del pueblo como un verdadero experto y viv\u00eda en la sierra del Hachuelo junto a ella libre como un pajarillo.<br \/>\n\u201cPilonchas\u201d, as\u00ed era conocido por todos, ten\u00eda un conocimiento y una mano para la cocina casera y popular que pon\u00eda a disposici\u00f3n de todo el que se lo pidiera elaborando unos platos de sabor y exquisitez incomparables e inolvidables.<br \/>\nEra una persona muy inteligente, un catedr\u00e1tico de la vida, una enciclopedia humana a la que muchos acud\u00edamos para referenciar y documentar nuestros trabajos. Ahora nos ha dejado solos, desamparados, angustiados y abatidos por la pena; pero si grande es nuestro dolor, mayor es nuestra satisfacci\u00f3n y orgullo de haber disfrutado de su compa\u00f1\u00eda durante sesenta y ocho a\u00f1os.<br \/>\nMontefr\u00edo echar\u00e1 de menos a Crist\u00f3bal \u201cPilonchas\u201d y lo a\u00f1orar\u00e1 durante mucho tiempo. Por eso permanecer\u00e1 con nosotros, porque la muerte s\u00f3lo llega con el olvido, y nosotros vamos a tenerlo siempre en nuestra mente y nuestro coraz\u00f3n.<\/p>\n<p>Fdo. Jos\u00e9 Guzm\u00e1n Flores. Un amigo.<br \/>\nFebrero de 2009<\/p>\n","protected":false},"excerpt":{"rendered":"<p>El d\u00eda 27 de febrero Montefr\u00edo dijo adi\u00f3s a un personaje singular de su pueblo. Y digo bien, Montefr\u00edo, porque los vecinos del pueblo abarrotaron la Iglesia de La Encarnaci\u00f3n y le acompa\u00f1aron hasta el cementerio. Una riada humana ha transitado por el tanatorio para mostrar sus condolencias a la familia. Crist\u00f3bal Pedregosa \u00c1vila era [&hellip;]<\/p>\n","protected":false},"author":2,"featured_media":0,"comment_status":"closed","ping_status":"open","sticky":false,"template":"","format":"standard","meta":{"footnotes":""},"categories":[1],"tags":[],"class_list":["post-321","post","type-post","status-publish","format-standard","hentry","category-sin-categoria"],"_links":{"self":[{"href":"https:\/\/chove.hol.es\/web\/index.php?rest_route=\/wp\/v2\/posts\/321","targetHints":{"allow":["GET"]}}],"collection":[{"href":"https:\/\/chove.hol.es\/web\/index.php?rest_route=\/wp\/v2\/posts"}],"about":[{"href":"https:\/\/chove.hol.es\/web\/index.php?rest_route=\/wp\/v2\/types\/post"}],"author":[{"embeddable":true,"href":"https:\/\/chove.hol.es\/web\/index.php?rest_route=\/wp\/v2\/users\/2"}],"replies":[{"embeddable":true,"href":"https:\/\/chove.hol.es\/web\/index.php?rest_route=%2Fwp%2Fv2%2Fcomments&post=321"}],"version-history":[{"count":3,"href":"https:\/\/chove.hol.es\/web\/index.php?rest_route=\/wp\/v2\/posts\/321\/revisions"}],"predecessor-version":[{"id":327,"href":"https:\/\/chove.hol.es\/web\/index.php?rest_route=\/wp\/v2\/posts\/321\/revisions\/327"}],"wp:attachment":[{"href":"https:\/\/chove.hol.es\/web\/index.php?rest_route=%2Fwp%2Fv2%2Fmedia&parent=321"}],"wp:term":[{"taxonomy":"category","embeddable":true,"href":"https:\/\/chove.hol.es\/web\/index.php?rest_route=%2Fwp%2Fv2%2Fcategories&post=321"},{"taxonomy":"post_tag","embeddable":true,"href":"https:\/\/chove.hol.es\/web\/index.php?rest_route=%2Fwp%2Fv2%2Ftags&post=321"}],"curies":[{"name":"wp","href":"https:\/\/api.w.org\/{rel}","templated":true}]}}