{"id":354,"date":"2016-01-10T21:05:27","date_gmt":"2016-01-10T21:05:27","guid":{"rendered":"http:\/\/chove.hol.es\/web\/?p=354"},"modified":"2016-01-10T21:05:27","modified_gmt":"2016-01-10T21:05:27","slug":"un-viernes-santo-en-encinas-reales","status":"publish","type":"post","link":"https:\/\/chove.hol.es\/web\/?p=354","title":{"rendered":"Un Viernes Santo en Encinas Reales"},"content":{"rendered":"<p>La salida de Mar\u00eda Sant\u00edsima de la Soledad de la iglesia de Encinas Reales (C\u00f3rdoba) al son de La Madrug\u00e1 de Abel Moreno, interpretada por la Banda de M\u00fasica de Montefr\u00edo, fue espectacular.<br \/>\n<a href=\"http:\/\/chove.hol.es\/web\/wp-content\/uploads\/2016\/01\/Sin-t\u00edtulo29.png\"><img loading=\"lazy\" decoding=\"async\" class=\"aligncenter size-full wp-image-355\" src=\"http:\/\/chove.hol.es\/web\/wp-content\/uploads\/2016\/01\/Sin-t\u00edtulo29.png\" alt=\"Sin t\u00edtulo\" width=\"387\" height=\"292\" srcset=\"https:\/\/chove.hol.es\/web\/wp-content\/uploads\/2016\/01\/Sin-t\u00edtulo29.png 387w, https:\/\/chove.hol.es\/web\/wp-content\/uploads\/2016\/01\/Sin-t\u00edtulo29-300x226.png 300w\" sizes=\"auto, (max-width: 387px) 100vw, 387px\" \/><\/a>Mereci\u00f3 la pena el viaje, a pesar del regreso de lluvia y niebla, y me alegr\u00e9 much\u00edsimo de haber ido, porque momentos m\u00e1gicos como ese se dan en determinadas ocasiones, muy pocas, y hay que tener la suerte de estar all\u00ed para disfrutarlos. No hace falta que duren mucho tiempo, s\u00f3lo unos minutos, un instante, todo lo dem\u00e1s puede incluso ser superfluo, porque esos minutos, ese instante, bastan para gozar del impacto que provoca una manifestaci\u00f3n art\u00edstica. <a href=\"http:\/\/chove.hol.es\/web\/wp-content\/uploads\/2016\/01\/Sin-t\u00edtulo30.png\"><img loading=\"lazy\" decoding=\"async\" class=\"size-full wp-image-356 alignright\" src=\"http:\/\/chove.hol.es\/web\/wp-content\/uploads\/2016\/01\/Sin-t\u00edtulo30.png\" alt=\"Sin t\u00edtulo\" width=\"342\" height=\"258\" srcset=\"https:\/\/chove.hol.es\/web\/wp-content\/uploads\/2016\/01\/Sin-t\u00edtulo30.png 342w, https:\/\/chove.hol.es\/web\/wp-content\/uploads\/2016\/01\/Sin-t\u00edtulo30-300x226.png 300w\" sizes=\"auto, (max-width: 342px) 100vw, 342px\" \/><\/a>Porque aquello fue arte en su pura esencia, arte que penetraba por todos los sentidos, y la conjunci\u00f3n de todos ellos a un tiempo hizo estremecer nuestros cuerpos. La Banda expres\u00f3 el mensaje musical de Moreno con una delicadeza, sensibilidad, cari\u00f1o, afinaci\u00f3n, limpieza de ejecuci\u00f3n, cuidado de matices y armon\u00eda de conjunto que conmovi\u00f3 a los all\u00ed presentes, perfecto. La preciosa imagen de La Soledad, una talla policromada en madera de caoba, obra del imaginero egabrense D. Salvador Guzm\u00e1n Moral, sobre trono de alpaca plateada de dos cuerpos y faldones bordados en terciopelo granate, sal\u00eda serena, tranquila, deslumbrante, y portada con elegancia y buen paso por una cuadrilla de 24 costaleros. Del extraordinario silencio y respeto de los vecinos y hermanos all\u00ed congregados, a pesar del mal tiempo, emerg\u00edan los conmovedores acordes musicales acompasados por el arrastre de los pies de los costaleros, concentrados \u00e9stos en la sobresaliente y \u00fanica voz ejecutiva del seguro capataz. <a href=\"http:\/\/chove.hol.es\/web\/wp-content\/uploads\/2016\/01\/Sin-t\u00edtulo31.png\"><img loading=\"lazy\" decoding=\"async\" class=\"aligncenter size-full wp-image-357\" src=\"http:\/\/chove.hol.es\/web\/wp-content\/uploads\/2016\/01\/Sin-t\u00edtulo31.png\" alt=\"Sin t\u00edtulo\" width=\"382\" height=\"287\" srcset=\"https:\/\/chove.hol.es\/web\/wp-content\/uploads\/2016\/01\/Sin-t\u00edtulo31.png 382w, https:\/\/chove.hol.es\/web\/wp-content\/uploads\/2016\/01\/Sin-t\u00edtulo31-300x225.png 300w\" sizes=\"auto, (max-width: 382px) 100vw, 382px\" \/><\/a>Todo ello, acompa\u00f1ado del aroma de las flores y del contraste de luces y colores en el atardecer del limpio parque en el que se encontraba la peque\u00f1a y bonita iglesia Parroquial, de estilo neocl\u00e1sico, Nuestra Se\u00f1ora de la Expectaci\u00f3n. Fue un instante, una chispa, as\u00ed es el arte, una emoci\u00f3n espor\u00e1dica que te sublima, te arrebata, te electriza todo el cuerpo. El resto de la procesi\u00f3n fue como casi todas en este a\u00f1o, pasado por agua, pero aquella salida compens\u00f3 con creces las dificultades haci\u00e9ndola inigualable, algo extraordinario. El a\u00f1o que viene volver\u00e9 por si se repite ese momento m\u00e1gico.<\/p>\n<p>Chove, marzo de 2013<\/p>\n","protected":false},"excerpt":{"rendered":"<p>La salida de Mar\u00eda Sant\u00edsima de la Soledad de la iglesia de Encinas Reales (C\u00f3rdoba) al son de La Madrug\u00e1 de Abel Moreno, interpretada por la Banda de M\u00fasica de Montefr\u00edo, fue espectacular. Mereci\u00f3 la pena el viaje, a pesar del regreso de lluvia y niebla, y me alegr\u00e9 much\u00edsimo de haber ido, porque momentos [&hellip;]<\/p>\n","protected":false},"author":2,"featured_media":0,"comment_status":"open","ping_status":"open","sticky":false,"template":"","format":"standard","meta":{"footnotes":""},"categories":[1],"tags":[],"class_list":["post-354","post","type-post","status-publish","format-standard","hentry","category-sin-categoria"],"_links":{"self":[{"href":"https:\/\/chove.hol.es\/web\/index.php?rest_route=\/wp\/v2\/posts\/354","targetHints":{"allow":["GET"]}}],"collection":[{"href":"https:\/\/chove.hol.es\/web\/index.php?rest_route=\/wp\/v2\/posts"}],"about":[{"href":"https:\/\/chove.hol.es\/web\/index.php?rest_route=\/wp\/v2\/types\/post"}],"author":[{"embeddable":true,"href":"https:\/\/chove.hol.es\/web\/index.php?rest_route=\/wp\/v2\/users\/2"}],"replies":[{"embeddable":true,"href":"https:\/\/chove.hol.es\/web\/index.php?rest_route=%2Fwp%2Fv2%2Fcomments&post=354"}],"version-history":[{"count":1,"href":"https:\/\/chove.hol.es\/web\/index.php?rest_route=\/wp\/v2\/posts\/354\/revisions"}],"predecessor-version":[{"id":358,"href":"https:\/\/chove.hol.es\/web\/index.php?rest_route=\/wp\/v2\/posts\/354\/revisions\/358"}],"wp:attachment":[{"href":"https:\/\/chove.hol.es\/web\/index.php?rest_route=%2Fwp%2Fv2%2Fmedia&parent=354"}],"wp:term":[{"taxonomy":"category","embeddable":true,"href":"https:\/\/chove.hol.es\/web\/index.php?rest_route=%2Fwp%2Fv2%2Fcategories&post=354"},{"taxonomy":"post_tag","embeddable":true,"href":"https:\/\/chove.hol.es\/web\/index.php?rest_route=%2Fwp%2Fv2%2Ftags&post=354"}],"curies":[{"name":"wp","href":"https:\/\/api.w.org\/{rel}","templated":true}]}}