{"id":418,"date":"2016-01-12T20:51:47","date_gmt":"2016-01-12T20:51:47","guid":{"rendered":"http:\/\/chove.hol.es\/web\/?p=418"},"modified":"2016-01-12T20:51:47","modified_gmt":"2016-01-12T20:51:47","slug":"el-presidente-suarez-y-la-otra-forma-de-hacer-politica","status":"publish","type":"post","link":"https:\/\/chove.hol.es\/web\/?p=418","title":{"rendered":"El presidente Su\u00e1rez y la otra forma de hacer pol\u00edtica"},"content":{"rendered":"<p><strong>El Presidente Su\u00e1rez y la otra forma de hacer pol\u00edtica<\/strong><\/p>\n<p>Hace ya bastante tiempo que se viene destacando, merecidamente, el lado malo de la pol\u00edtica y de los pol\u00edticos. Con motivo de la muerte del Presidente Su\u00e1rez, se han ofrecido programas informativos de todo tipo que nos hacen recordar que hay otra forma de hacer pol\u00edtica, y yo quiero aprovechar tambi\u00e9n para poner en valor la otra cara de la pol\u00edtica y de los pol\u00edticos. Porque los desmanes de unos, bastantes en los \u00faltimos a\u00f1os, por desgracia, han hecho parecer que todos los pol\u00edticos son unos corruptos impresentables y que la pol\u00edtica s\u00f3lo sirve para provecho de quienes la practican.<br \/>\nRecordando la figura del presidente Su\u00e1rez reflexionamos que hay otros pol\u00edticos y otra forma de hacer pol\u00edtica, de dedicarse a la pol\u00edtica; pol\u00edtica para hacer cosas en beneficio de la sociedad, para solucionar problemas de la gente. Hay pol\u00edticos valientes y atrevidos, porque este oficio comporta un riesgo considerable de pasarlo mal y terminar mal al final, y no s\u00f3lo el pol\u00edtico, sino la familia, los amigos y personas cercanas. Precisamente nos estamos acordando de Su\u00e1rez una vez muerto; nos acordamos de \u00e9l y de su importante obra despu\u00e9s de haberle acosado, traicionado, abandonado y olvidado, y tras haber conocido el infortunio de su enfermedad y desgracia familiar.<br \/>\nHay muchos pol\u00edticos que no han sido nunca se\u00f1alados porque hayan aprovechado la pol\u00edtica para beneficiarse ni beneficiar a sus familiares, ni a los m\u00e1s directos ni a los menos directos. Pol\u00edticos que no han acumulado fortunas ni se han hecho ricos con la pol\u00edtica; que no han salido en los medios acusados de robar ni han pisado un juzgado para responder ante imputaciones de sucios manejos y apropiaciones indebidas. Que ni se les pasa por la cabeza ese tipo de tentaciones.<\/p>\n<p>Existen muchas personas como el Presidente Su\u00e1rez que han puesto y ponen en provecho de la sociedad su inteligencia y sagacidad, capacidades que en cuant\u00eda much\u00edsimo menor han servido a otros para engrosar su patrimonio con estipendios escandalosos de entidades financieras y empresas privadas. Personas que centran su trabajo y esfuerzo en el desarrollo de proyectos e iniciativas de progreso, de bienestar y mayor calidad de vida, en la Pol\u00edtica con may\u00fasculas. Pero estas personas, desgraciadamente, quedan ensombrecidas por la preponderancia de la mediocridad de la mayor\u00eda de los pol\u00edticos de los \u00faltimos tiempos, que basan su trabajo en la exclusiva estrategia de vencer al adversario, haciendo de aquel una vulgar competici\u00f3n.<br \/>\nNecesitamos pol\u00edticos estadistas, como Su\u00e1rez, y los hay, cuya acci\u00f3n ponga las miras en el inter\u00e9s general de los ciudadanos sin importarle el tiempo de tardanza en su reconocimiento. Que elaboren y gestionen proyectos de largo alcance, no s\u00f3lo de hoy para ma\u00f1ana; pol\u00edticos que piensen y aporten soluciones duraderas a los grandes temas de estado pendientes, como la configuraci\u00f3n territorial, inmigraci\u00f3n, econom\u00eda, empleo, educaci\u00f3n, etc. Porque \u00faltimamente observamos asombrados que la mayor\u00eda ponen el horizonte de su acci\u00f3n pol\u00edtica no m\u00e1s all\u00e1 de las pr\u00f3ximas elecciones.<\/p>\n<p>Precisamos pol\u00edticos menos personalistas, de mayor nivel, que antepongan el consenso en la gesti\u00f3n de los asuntos importantes de gobierno a la acci\u00f3n individualizada o la confrontaci\u00f3n, que corresponsabilicen y aprovechen las aportaciones de las dem\u00e1s opciones y de los agentes sociales del pa\u00eds para entre todos conseguir los mejores rendimientos en beneficio de la sociedad.<\/p>\n<p>\u00bfY d\u00f3nde est\u00e1n esos pol\u00edticos? Existen, pero hay que facilitarles el camino de acceso. Creo que ya se ha hecho imprescindible un cambio de legislaci\u00f3n electoral que pudiera contribuir a ello; un sistema que nos permita a los ciudadanos elegir a quienes queramos nosotros, y no a quienes quieran los jefes de partido de turno. De este modo, las personas que elijamos deber\u00e1n responder a nuestros intereses, que somos los que los hemos puesto y los podemos quitar. Ya va siendo hora de que los partidos asuman ese reto y esa responsabilidad.<\/p>\n<p>Jos\u00e9 Guzm\u00e1n Flores, Chove. Marzo de 2014<\/p>\n","protected":false},"excerpt":{"rendered":"<p>El Presidente Su\u00e1rez y la otra forma de hacer pol\u00edtica Hace ya bastante tiempo que se viene destacando, merecidamente, el lado malo de la pol\u00edtica y de los pol\u00edticos. Con motivo de la muerte del Presidente Su\u00e1rez, se han ofrecido programas informativos de todo tipo que nos hacen recordar que hay otra forma de hacer [&hellip;]<\/p>\n","protected":false},"author":2,"featured_media":0,"comment_status":"closed","ping_status":"open","sticky":false,"template":"","format":"standard","meta":{"footnotes":""},"categories":[1],"tags":[],"class_list":["post-418","post","type-post","status-publish","format-standard","hentry","category-sin-categoria"],"_links":{"self":[{"href":"https:\/\/chove.hol.es\/web\/index.php?rest_route=\/wp\/v2\/posts\/418","targetHints":{"allow":["GET"]}}],"collection":[{"href":"https:\/\/chove.hol.es\/web\/index.php?rest_route=\/wp\/v2\/posts"}],"about":[{"href":"https:\/\/chove.hol.es\/web\/index.php?rest_route=\/wp\/v2\/types\/post"}],"author":[{"embeddable":true,"href":"https:\/\/chove.hol.es\/web\/index.php?rest_route=\/wp\/v2\/users\/2"}],"replies":[{"embeddable":true,"href":"https:\/\/chove.hol.es\/web\/index.php?rest_route=%2Fwp%2Fv2%2Fcomments&post=418"}],"version-history":[{"count":1,"href":"https:\/\/chove.hol.es\/web\/index.php?rest_route=\/wp\/v2\/posts\/418\/revisions"}],"predecessor-version":[{"id":419,"href":"https:\/\/chove.hol.es\/web\/index.php?rest_route=\/wp\/v2\/posts\/418\/revisions\/419"}],"wp:attachment":[{"href":"https:\/\/chove.hol.es\/web\/index.php?rest_route=%2Fwp%2Fv2%2Fmedia&parent=418"}],"wp:term":[{"taxonomy":"category","embeddable":true,"href":"https:\/\/chove.hol.es\/web\/index.php?rest_route=%2Fwp%2Fv2%2Fcategories&post=418"},{"taxonomy":"post_tag","embeddable":true,"href":"https:\/\/chove.hol.es\/web\/index.php?rest_route=%2Fwp%2Fv2%2Ftags&post=418"}],"curies":[{"name":"wp","href":"https:\/\/api.w.org\/{rel}","templated":true}]}}