{"id":600,"date":"2016-03-30T17:00:58","date_gmt":"2016-03-30T17:00:58","guid":{"rendered":"http:\/\/chove.hol.es\/web\/?p=600"},"modified":"2016-03-30T17:00:58","modified_gmt":"2016-03-30T17:00:58","slug":"a-la-banda-de-musica-de-montefrio","status":"publish","type":"post","link":"https:\/\/chove.hol.es\/web\/?p=600","title":{"rendered":"A la Banda de M\u00fasica de Montefr\u00edo"},"content":{"rendered":"<p><strong>A LA BANDA DE M\u00daSICA DE MONTEFR\u00cdO<\/strong><\/p>\n<p>&nbsp;<\/p>\n<p>El otro d\u00eda me celebraba mi maestro D. Francisco Cano Lara el buen hacer de la banda de m\u00fasica de Montefr\u00edo, a la que hace seguimiento por internet y de forma directa cuando puede. Y mi maestro entiende de m\u00fasica, pues ya de ni\u00f1o o\u00eda ensayar a su padre con el clarinete en el taller de la zapater\u00eda. Yo, como m\u00fasico, corroboro esa apreciaci\u00f3n y, como montefrie\u00f1o, tambi\u00e9n me siento orgulloso de tener una banda como la nuestra.<\/p>\n<p>Esta Semana Santa he tenido el gusto de acompa\u00f1arlos durante sus actuaciones en Hu\u00e9scar, Montefr\u00edo y Encinas Reales (C\u00f3rdoba) y he comprobado el buen trabajo realizado, su profesionalidad y magn\u00edfica interpretaci\u00f3n. He observado su correcta actuaci\u00f3n de manera general, en la forma y en el contenido.<\/p>\n<p>La Banda ha mostrado en todo momento una presencia elegante, seria y respetuosa con las hermandades contratantes, guardando alineaciones, posturas\u00a0 y distancias, y manteniendo de manera general un comportamiento adecuado para el desempe\u00f1o de su papel en este tipo de actuaciones. He podido constatar por mi cercan\u00eda (a m\u00ed me gusta pasear alrededor de la banda y de la procesi\u00f3n en su conjunto para observar los detalles durante la estaci\u00f3n de penitencia) el empe\u00f1o en la buena interpretaci\u00f3n individual de cada uno de los m\u00fasicos, he visto sus facciones de concentraci\u00f3n e integraci\u00f3n en la escenograf\u00eda general y he sentido y apreciado la riqueza de matices, la buena afinaci\u00f3n y la excelente ejecuci\u00f3n arm\u00f3nica de la banda en su conjunto. En definitiva, un trabajo bien hecho, una gozada que pienso seguir repitiendo mientras mi salud y la banda me lo permitan, porque s\u00f3lo con la salida de Mar\u00eda Sant\u00edsima de la Soledad de la iglesia de Encinas Reales, al son de La Madrug\u00e1 de Abel Moreno, merece la pena el viaje y el acompa\u00f1amiento.<\/p>\n<p>Quiero desde estas l\u00edneas felicitar a los m\u00fasicos y al director, y agradecerles el disfrute y placer que me han proporcionado con su espect\u00e1culo, un trabajo cuyo valor no tiene precio.<\/p>\n<p>Y hablando de precio y trabajo, creo que es oportuno decir que a una banda como la nuestra, formada por j\u00f3venes estudiantes, otros ya licenciados, m\u00fasicos profesionales, profesores, arquitectos, ingenieros, agricultores, alba\u00f1iles, polic\u00edas, camareros y trabajadores en general, que dedica tantas horas de trabajo y de su tiempo a esta actividad cultural, no se le puede pagar con nada. Perm\u00edtaseme a\u00f1adir tambi\u00e9n, para muestra paradigm\u00e1tica de voluntad y esfuerzo, y porque creo bueno que se sepa, que este grupo de m\u00e1s de cincuenta montefrie\u00f1os que forman la banda de m\u00fasica de Montefr\u00edo parti\u00f3 a primeras horas de la tarde del Mi\u00e9rcoles Santo hacia Hu\u00e9scar, donde acompa\u00f1\u00f3 en una g\u00e9lida noche a la Dolorosa durante cuatro horas, tocando ininterrumpidamente en cada chicot\u00e1; regres\u00f3 a Montefr\u00edo de madrugada para volver a salir a medio d\u00eda del Jueves Santo hacia Estepona y acompa\u00f1ar a la Virgen en otra procesi\u00f3n de cuatro horas; volviendo al pueblo a las siete de la ma\u00f1ana del Viernes Santo para comenzar a las once con el himno nacional a las puertas de la Encarnaci\u00f3n de Montefr\u00edo y tocar en la procesi\u00f3n de los Reca\u00edcos; y volver a salir reci\u00e9n comidos hacia Encinas Reales para cumplir con su contrato de acompa\u00f1amiento musical a Mar\u00eda Sant\u00edsima de la Soledad durante tres horas y media, volviendo definitivamente al pueblo a las tres de la ma\u00f1ana. Este tipo de gestas no se comprenden si no es por una causa sublime, un profundo amor a la m\u00fasica.<\/p>\n<p>Y todo ello llevando el nombre de la banda y de Montefr\u00edo con orgullo y dignidad por la geograf\u00eda andaluza. Mi m\u00e1s sincero agradecimiento y enhorabuena. Espero que continu\u00e9is as\u00ed muchos a\u00f1os y mejorando lo que se pueda.<\/p>\n<p>Chove, marzo de 2016<\/p>\n","protected":false},"excerpt":{"rendered":"<p>A LA BANDA DE M\u00daSICA DE MONTEFR\u00cdO &nbsp; El otro d\u00eda me celebraba mi maestro D. Francisco Cano Lara el buen hacer de la banda de m\u00fasica de Montefr\u00edo, a la que hace seguimiento por internet y de forma directa cuando puede. Y mi maestro entiende de m\u00fasica, pues ya de ni\u00f1o o\u00eda ensayar a [&hellip;]<\/p>\n","protected":false},"author":2,"featured_media":0,"comment_status":"open","ping_status":"open","sticky":false,"template":"","format":"standard","meta":{"footnotes":""},"categories":[1],"tags":[],"class_list":["post-600","post","type-post","status-publish","format-standard","hentry","category-sin-categoria"],"_links":{"self":[{"href":"https:\/\/chove.hol.es\/web\/index.php?rest_route=\/wp\/v2\/posts\/600","targetHints":{"allow":["GET"]}}],"collection":[{"href":"https:\/\/chove.hol.es\/web\/index.php?rest_route=\/wp\/v2\/posts"}],"about":[{"href":"https:\/\/chove.hol.es\/web\/index.php?rest_route=\/wp\/v2\/types\/post"}],"author":[{"embeddable":true,"href":"https:\/\/chove.hol.es\/web\/index.php?rest_route=\/wp\/v2\/users\/2"}],"replies":[{"embeddable":true,"href":"https:\/\/chove.hol.es\/web\/index.php?rest_route=%2Fwp%2Fv2%2Fcomments&post=600"}],"version-history":[{"count":1,"href":"https:\/\/chove.hol.es\/web\/index.php?rest_route=\/wp\/v2\/posts\/600\/revisions"}],"predecessor-version":[{"id":601,"href":"https:\/\/chove.hol.es\/web\/index.php?rest_route=\/wp\/v2\/posts\/600\/revisions\/601"}],"wp:attachment":[{"href":"https:\/\/chove.hol.es\/web\/index.php?rest_route=%2Fwp%2Fv2%2Fmedia&parent=600"}],"wp:term":[{"taxonomy":"category","embeddable":true,"href":"https:\/\/chove.hol.es\/web\/index.php?rest_route=%2Fwp%2Fv2%2Fcategories&post=600"},{"taxonomy":"post_tag","embeddable":true,"href":"https:\/\/chove.hol.es\/web\/index.php?rest_route=%2Fwp%2Fv2%2Ftags&post=600"}],"curies":[{"name":"wp","href":"https:\/\/api.w.org\/{rel}","templated":true}]}}