{"id":623,"date":"2016-11-08T20:39:07","date_gmt":"2016-11-08T20:39:07","guid":{"rendered":"http:\/\/chove.hol.es\/web\/?p=623"},"modified":"2016-11-08T20:39:07","modified_gmt":"2016-11-08T20:39:07","slug":"otro-camino-era-posible-y-mejor","status":"publish","type":"post","link":"https:\/\/chove.hol.es\/web\/?p=623","title":{"rendered":"Otro camino era posible y mejor"},"content":{"rendered":"<p><em>Otro camino era posible y mejor<\/em><\/p>\n<p>Tras el bochornoso espect\u00e1culo ofrecido por el \u00a0PSOE ante la ciudadan\u00eda a nivel nacional no puedo m\u00e1s que avergonzarme de ello y mostrar mi m\u00e1s severa repulsa.<\/p>\n<p>Ya manifest\u00e9 en anteriores reflexiones que no compart\u00eda el camino emprendido tras los resultados electorales, puesto que, a mi parecer, la estrategia adoptada mostraba claras se\u00f1ales de estar anteponiendo los intereses personales y partidistas a los serios desaf\u00edos que sufre Espa\u00f1a, o tambi\u00e9n pod\u00eda ser reflejo de que nuestros pol\u00edticos no est\u00e1n preparados para administrar esos resultados electorales. Despu\u00e9s de la traves\u00eda padecida desde diciembre hasta hoy\u00a0 creo que se trata de la suma de ambas variables.<\/p>\n<p>Otro camino era posible. Si Pedro S\u00e1nchez, a pesar de los malos resultados que obtuvo la primera vez, en diciembre, hace valer \u00e9stos y se ofrece como instrumento \u00fatil para la gobernabilidad del pa\u00eds, a cambio de sacar adelante buena parte de su programa electoral, beneficiando con ello a sus electores y a una\u00a0 gran mayor\u00eda de ciudadanos, creo que\u00a0 hubiese sido mucho m\u00e1s provechoso para Espa\u00f1a, para el partido y para \u00e9l. Incluso estoy convencido de que podr\u00eda haber conseguido que el PP hubiese cambiado de candidato, y hoy S\u00e1nchez estar\u00eda asentado y afianzado como l\u00edder de los socialistas y como pol\u00edtico de estado. Pero Pedro, sin hacer un an\u00e1lisis y autocr\u00edtica profunda de su derrota electoral, escogi\u00f3 otro camino y llev\u00f3 al partido al \u201cNo a Rajoy y al PP\u201d, estrategia que se ha cobrado su cabeza y un da\u00f1o incalculable para el partido.<\/p>\n<p>Tras su fracaso como alternativa de gobierno persist\u00eda en su actitud, acusando demag\u00f3gicamente a los partidarios de buscar otras v\u00edas, de que \u201clos que pretenden la abstenci\u00f3n quieren que Rajoy sea presidente\u201d. Esa disyuntiva a la que ha llevado intencionadamente S\u00e1nchez al partido y a la opini\u00f3n p\u00fablica es falaz y maniquea. Ninguna persona con sensibilidad de izquierdas prefiere a Rajoy ni pretende que siga como presidente. Ha sido precisamente Pedro S\u00e1nchez, como candidato a las elecciones, el que perdiendo las mismas ha posibilitado su reelecci\u00f3n. La acusaci\u00f3n anterior esconde esta gran verdad, que parece no ser asumida o se pretende solapar.\u00a0 Pero esa actitud, la del no es no, que cala en la militancia, ha conducido al partido a uno de los mayores desastres de su historia, del que necesitar\u00e1 muchos a\u00f1os para volver a\u00a0 reponerse.<\/p>\n<p>Y ahora qu\u00e9, \u00bfestamos a tiempo de afrontar los asuntos de Espa\u00f1a, que son los que deber\u00edan estar en la preferencia de las famosas hojas de ruta?. Creo que aun siendo muy dif\u00edcil, y principalmente para el PSOE, estamos en la obligaci\u00f3n de intentarlo, con seriedad, responsabilidad y buen c\u00e1lculo. Parece que Javier Fern\u00e1ndez es un hombre maduro en pol\u00edtica, serio, responsable y con sentido de estado.<\/p>\n<p>Otro intento de alternativa de gobierno es imposible; ahora mucho m\u00e1s que antes, ni por lograr los apoyos suficientes ni por estar en condiciones saludables de asumir esa dif\u00edcil tarea con los votos obtenidos en la urnas.<\/p>\n<p>Nuevas elecciones ser\u00eda a\u00fan m\u00e1s suicida para el PSOE y para el pa\u00eds, y me explico.<\/p>\n<p>Ya argument\u00e9 en reflexiones anteriores que obligar a repetir las elecciones, y \u00e9sta ser\u00eda la tercera vez, se puede considerar como una rebeld\u00eda o sabotaje de los pol\u00edticos al mandato popular. Pero ahora, adem\u00e1s, se ha conseguido que mucha gente se\u00f1ale al PSOE como el responsable de que:<\/p>\n<p>-Se aplazar\u00eda todav\u00eda m\u00e1s en el tiempo la formaci\u00f3n de gobierno, adem\u00e1s del gasto y las molestias causadas a los ciudadanos.<\/p>\n<p>-La gesti\u00f3n de los asuntos urgentes de los espa\u00f1oles y la gobernabilidad de Espa\u00f1a en general deber\u00eda esperar unos meses m\u00e1s.<\/p>\n<p>-Rajoy conseguir\u00eda m\u00e1s votos y el PSOE menos, lo contario de lo que se pretende.<\/p>\n<p>-Probablemente cambiar\u00eda la estructura partidaria del pa\u00eds, pasando la formaci\u00f3n de Podemos a ocupar el liderazgo de la oposici\u00f3n al gobierno y Pablo Iglesias la interlocuci\u00f3n directa con Rajoy, con lo que ello significa a la hora de afrontar temas tan peliagudos como el territorial, Catalu\u00f1a, Pa\u00eds Vasco, etc. con posiciones ideol\u00f3gicas y estrat\u00e9gicas tan dispares.<\/p>\n<p>-Hay reformas y otros asuntos urgentes de Estado pendientes que necesitan un n\u00famero determinado de votos para acometerlos, como reforma constitucional, ley electoral, ley laboral, ley de educaci\u00f3n, etc., que precisan adem\u00e1s del consenso de los principales partidos, y las diferencias ideol\u00f3gicas y de criterio del PP y Podemos no creo que sean las m\u00e1s apropiadas para ello.<\/p>\n<p>-Entre elecciones y la formaci\u00f3n de un nuevo gobierno nos plantamos en marzo sin haber hecho nada para encarar el desaf\u00edo anunciado por los separatistas catalanes para el verano pr\u00f3ximo.<\/p>\n<p>-Los compromisos presupuestarios con Europa sin atender, exponi\u00e9ndonos a nuevas sanciones. Etc.<\/p>\n<p>Por todo ello, el sentido com\u00fan aconseja dejar\u00a0 gobernar al partido m\u00e1s votado en las elecciones, al ganador, que no quiere decir apoyarlo, e iniciar cuanto antes el trabajo de gobernanza para darle respuesta a las necesidades de los ciudadanos.<\/p>\n<p>Pero eso s\u00ed, con un compromiso firmado y rubricado por parte del PP por cumplir los acuerdos program\u00e1ticos y de gobierno a los que se lleguen en la negociaci\u00f3n previa a la votaci\u00f3n de investidura.<\/p>\n<p>Y una advertencia, ser\u00eda un grave error que el PP intentara aprovecharse de la clara ventaja con la que parte, ni pretendiera humillar al desvalido adversario, porque todos somos conocedores de la peligrosidad del toro herido, y tambi\u00e9n, una vez perdidos, al r\u00edo. Suya, la del PP, va a ser la palabra \u00a0y la responsabilidad.<\/p>\n<p>&nbsp;<\/p>\n<p>Chove, octubre de 2016<\/p>\n","protected":false},"excerpt":{"rendered":"<p>Otro camino era posible y mejor Tras el bochornoso espect\u00e1culo ofrecido por el \u00a0PSOE ante la ciudadan\u00eda a nivel nacional no puedo m\u00e1s que avergonzarme de ello y mostrar mi m\u00e1s severa repulsa. Ya manifest\u00e9 en anteriores reflexiones que no compart\u00eda el camino emprendido tras los resultados electorales, puesto que, a mi parecer, la estrategia [&hellip;]<\/p>\n","protected":false},"author":2,"featured_media":0,"comment_status":"open","ping_status":"open","sticky":false,"template":"","format":"standard","meta":{"footnotes":""},"categories":[1],"tags":[],"class_list":["post-623","post","type-post","status-publish","format-standard","hentry","category-sin-categoria"],"_links":{"self":[{"href":"https:\/\/chove.hol.es\/web\/index.php?rest_route=\/wp\/v2\/posts\/623","targetHints":{"allow":["GET"]}}],"collection":[{"href":"https:\/\/chove.hol.es\/web\/index.php?rest_route=\/wp\/v2\/posts"}],"about":[{"href":"https:\/\/chove.hol.es\/web\/index.php?rest_route=\/wp\/v2\/types\/post"}],"author":[{"embeddable":true,"href":"https:\/\/chove.hol.es\/web\/index.php?rest_route=\/wp\/v2\/users\/2"}],"replies":[{"embeddable":true,"href":"https:\/\/chove.hol.es\/web\/index.php?rest_route=%2Fwp%2Fv2%2Fcomments&post=623"}],"version-history":[{"count":1,"href":"https:\/\/chove.hol.es\/web\/index.php?rest_route=\/wp\/v2\/posts\/623\/revisions"}],"predecessor-version":[{"id":624,"href":"https:\/\/chove.hol.es\/web\/index.php?rest_route=\/wp\/v2\/posts\/623\/revisions\/624"}],"wp:attachment":[{"href":"https:\/\/chove.hol.es\/web\/index.php?rest_route=%2Fwp%2Fv2%2Fmedia&parent=623"}],"wp:term":[{"taxonomy":"category","embeddable":true,"href":"https:\/\/chove.hol.es\/web\/index.php?rest_route=%2Fwp%2Fv2%2Fcategories&post=623"},{"taxonomy":"post_tag","embeddable":true,"href":"https:\/\/chove.hol.es\/web\/index.php?rest_route=%2Fwp%2Fv2%2Ftags&post=623"}],"curies":[{"name":"wp","href":"https:\/\/api.w.org\/{rel}","templated":true}]}}