{"id":648,"date":"2017-01-25T12:10:10","date_gmt":"2017-01-25T12:10:10","guid":{"rendered":"http:\/\/chove.hol.es\/web\/?p=648"},"modified":"2017-01-25T12:10:10","modified_gmt":"2017-01-25T12:10:10","slug":"dos-hospitales-completos-para-granada-2","status":"publish","type":"post","link":"https:\/\/chove.hol.es\/web\/?p=648","title":{"rendered":"\u00bfDos hospitales completos para Granada?"},"content":{"rendered":"<p>\u00bfDos hospitales completos para Granada?<br \/>\nEn tiempos de mi juventud, estaba un muchacho sentado en el tranco de su puerta en la calle Cuchareras, en Montefr\u00edo, entretenido con un vecinillo de corta edad. Era verano, y se divert\u00eda el mozalbete mandando al peque\u00f1o inocente a que le pegara con una varilla muy fina de mimbre en las piernas desnudas (llev\u00e1bamos casi todos pantalones cortos) a los ni\u00f1os que pasaban por su calle. El respingo que daban aquellos cuando recib\u00edan el azote le provocaba mucha risa al joven. Pero, \u00a1mira t\u00fa por d\u00f3nde!, apareci\u00f3 por la esquina un hermano del muchacho con sus pantalones cortos tambi\u00e9n, y el parvulillo, instintivamente, sali\u00f3 corriendo para repetir la divertida flagelaci\u00f3n, a lo que el joven, con gesto desesperado le gritaba: \u00a1a ese no, a ese no, que es mi hermano y le duele!<br \/>\nMe he acordado de esta an\u00e9cdota al leer la excusa que daba mi estimado Paco Cuenca, alcalde de Granada, a los convocantes de las manifestaciones por los dos hospitales completos cuando estos le exig\u00edan responsabilidades sobre la materia. \u201cYo no tengo competencias en materia de salud\u201d, dec\u00eda este, pero olvidaba mientras se excusaba con este argumento que tampoco las tiene de Fomento o Renfe, y aqu\u00ed s\u00ed comandaba las reivindicaciones y sal\u00eda en cabeza de la expedici\u00f3n a Madrid exigiendo la normalizaci\u00f3n de la comunicaci\u00f3n ferroviaria. En cualquier caso, a un alcalde siempre le compete todo aquello que afecte a sus ciudadanos.<br \/>\nLo mismo podr\u00eda decirse del presidente de la Diputaci\u00f3n Provincial, mi paisano Pepe Entrena, al que tampoco se le oye decir nada de los hospitales.<br \/>\nTanto a mi amigo Paco como a mi paisano Pepe les hubiera servido como raz\u00f3n principal de su mutismo la del joven montefrie\u00f1o, argumentando aquello de que \u201ca ese no, a ese no, que es mi hermano y le duele\u201d.<br \/>\nTambi\u00e9n quedo asombrado cuando oigo decir a Higinio Almagro, el Delegado de Salud de la Junta en Granada, que se est\u00e1 organizando todo y haciendo los cambios necesarios para ofrecer a la ciudadan\u00eda los servicios de dos hospitales completos, cuando hace unas semanas, al inicio de las reivindicaciones populares, contestaba radicalmente en los medios con que no se iba a mover una coma del proyecto original. Y sigue ah\u00ed tan campante sin argumentar su cambio de actitud ni pedir la m\u00e1s m\u00ednima disculpa.<br \/>\n\u00bfY la secretaria general provincial del PSOE? \u00bfHay secretario general socialista en Granada o est\u00e1 el puesto vacante? \u00bfD\u00f3nde est\u00e1? No sabe, no contesta. Tampoco se ha preocupado de informarse bien y decir algo, una cosa u otra, pero dar alguna explicaci\u00f3n p\u00fablica coherente que marque las directrices pol\u00edticas socialistas en esta materia a los afiliados y ciudadanos.<br \/>\n\u00bfPor qu\u00e9 ocurre esto? \u00bfPor qu\u00e9 se le est\u00e1 volviendo en contra al gobierno socialista andaluz una inversi\u00f3n tan importante en materia de salud en Granada? Porque nuestros representantes no tienen competencia personal, ni pol\u00edtica ni administrativa. Y digo bien, estoy de acuerdo con ellos, no tienen competencia ni personal (son mindudis) ni pol\u00edtica (son pipiolos) ni administrativa (son gui\u00f1oles).<br \/>\nSeguramente, Higinio reprodujo ante los medios lo que le contest\u00f3 el Director General cuando aquel le comunic\u00f3 las protestas de los granadinos. Pero en Sevilla no ven ni conocen nuestra realidad, y le corresponde al Delegado y a nuestros pol\u00edticos granadinos exhortar a sus superiores para que atiendan las demandas de los granadinos o pedirles respuestas razonadas y justificadas con las que puedan ellos dar explicaciones l\u00f3gicas y convincentes a sus conciudadanos. Es decir, responder a la demanda ciudadana y atender sus quejas dando informaci\u00f3n y explicaciones a tiempo de si se puede o no se puede atender su petici\u00f3n. Claro que, para esto hay que tener, adem\u00e1s de competencia personal, pol\u00edtica y administrativa, valent\u00eda y convicci\u00f3n propia, y no solo acogerse al argumento del joven montefrie\u00f1o.<br \/>\nChove, enero de 2017     <\/p>\n","protected":false},"excerpt":{"rendered":"<p>\u00bfDos hospitales completos para Granada? En tiempos de mi juventud, estaba un muchacho sentado en el tranco de su puerta en la calle Cuchareras, en Montefr\u00edo, entretenido con un vecinillo de corta edad. Era verano, y se divert\u00eda el mozalbete mandando al peque\u00f1o inocente a que le pegara con una varilla muy fina de mimbre [&hellip;]<\/p>\n","protected":false},"author":2,"featured_media":0,"comment_status":"open","ping_status":"open","sticky":false,"template":"","format":"standard","meta":{"footnotes":""},"categories":[1],"tags":[],"class_list":["post-648","post","type-post","status-publish","format-standard","hentry","category-sin-categoria"],"_links":{"self":[{"href":"https:\/\/chove.hol.es\/web\/index.php?rest_route=\/wp\/v2\/posts\/648","targetHints":{"allow":["GET"]}}],"collection":[{"href":"https:\/\/chove.hol.es\/web\/index.php?rest_route=\/wp\/v2\/posts"}],"about":[{"href":"https:\/\/chove.hol.es\/web\/index.php?rest_route=\/wp\/v2\/types\/post"}],"author":[{"embeddable":true,"href":"https:\/\/chove.hol.es\/web\/index.php?rest_route=\/wp\/v2\/users\/2"}],"replies":[{"embeddable":true,"href":"https:\/\/chove.hol.es\/web\/index.php?rest_route=%2Fwp%2Fv2%2Fcomments&post=648"}],"version-history":[{"count":1,"href":"https:\/\/chove.hol.es\/web\/index.php?rest_route=\/wp\/v2\/posts\/648\/revisions"}],"predecessor-version":[{"id":649,"href":"https:\/\/chove.hol.es\/web\/index.php?rest_route=\/wp\/v2\/posts\/648\/revisions\/649"}],"wp:attachment":[{"href":"https:\/\/chove.hol.es\/web\/index.php?rest_route=%2Fwp%2Fv2%2Fmedia&parent=648"}],"wp:term":[{"taxonomy":"category","embeddable":true,"href":"https:\/\/chove.hol.es\/web\/index.php?rest_route=%2Fwp%2Fv2%2Fcategories&post=648"},{"taxonomy":"post_tag","embeddable":true,"href":"https:\/\/chove.hol.es\/web\/index.php?rest_route=%2Fwp%2Fv2%2Ftags&post=648"}],"curies":[{"name":"wp","href":"https:\/\/api.w.org\/{rel}","templated":true}]}}