{"id":687,"date":"2017-11-09T12:28:17","date_gmt":"2017-11-09T12:28:17","guid":{"rendered":"http:\/\/chove.hol.es\/web\/?p=687"},"modified":"2017-11-09T20:12:22","modified_gmt":"2017-11-09T20:12:22","slug":"ha-muerto-frasco-el-marengo","status":"publish","type":"post","link":"https:\/\/chove.hol.es\/web\/?p=687","title":{"rendered":"Ha muerto Frasco \u201cEl Marengo\u201d"},"content":{"rendered":"<p><strong>Ha muerto Frasco \u201cEl Marengo\u201d<\/strong><\/p>\n<p>Ha muerto el \u00faltimo socialista de una saga hist\u00f3rica montefrie\u00f1a. Con 98 a\u00f1os nos ha dejado Francisco M\u00e1rquez Extremera, Frasco \u201cEl Marengo\u201d. Pertenec\u00eda a la generaci\u00f3n de aquellos viejos socialistas con la que tuvimos la suerte de contar en nuestro pueblo, como Francisco Peregrina \u201cEl Relojero\u201d, Manuel Cucharero \u201cCabezapel\u00e1\u201d, Diego Cucharero \u201cMontes\u201d, Francisco Rueda, Juan Fern\u00e1ndez \u201cVuelcatajos\u201d, Antonio Lorca \u201cHita\u201d, Francisco y Jos\u00e9 Novo, Jose Ruiz \u201cEl Fino\u201d, Miguel Cantero, Antonio Dur\u00e1n \u201cBarranco\u201d, Paco Garc\u00eda \u201cCuarta\u201d, Jos\u00e9 M\u00aa \u00c1vila \u201cPolonio\u201d, Francisco \u00c1vila \u201cTito Bajo\u201d, Francisco \u201cEl Mulo\u201d, Crist\u00f3bal Pedregosa \u201cPilonchas\u201d, etc., de la que tanto aprendimos los j\u00f3venes pipiolos socialistas con ansias de comernos el mundo de la pol\u00edtica a finales de los setenta. Para m\u00ed fueron y ser\u00e1n un gran referente como personas \u00edntegras, honestas, sencillas,<\/p>\n<p><a href=\"http:\/\/chove.hol.es\/web\/wp-content\/uploads\/2017\/11\/27.11.09.-Guerra.-Homenaje-Presos.jpg\"><img loading=\"lazy\" decoding=\"async\" class=\"aligncenter wp-image-691 \" src=\"http:\/\/chove.hol.es\/web\/wp-content\/uploads\/2017\/11\/27.11.09.-Guerra.-Homenaje-Presos-300x182.jpg\" alt=\"27.11.09. Guerra. Homenaje Presos\" width=\"476\" height=\"289\" srcset=\"https:\/\/chove.hol.es\/web\/wp-content\/uploads\/2017\/11\/27.11.09.-Guerra.-Homenaje-Presos-300x182.jpg 300w, https:\/\/chove.hol.es\/web\/wp-content\/uploads\/2017\/11\/27.11.09.-Guerra.-Homenaje-Presos-1024x621.jpg 1024w\" sizes=\"auto, (max-width: 476px) 100vw, 476px\" \/><\/a><\/p>\n<p>comprometidas, responsables, respetuosas, generosas y de una gran calidad humana; y respondo con mi experiencia a su lado de todos y cada uno de los calificativos aplicados. Ya comenzaron demostrando su gran generosidad cuando, procedentes del PSOE-Hist\u00f3rico en el exilio, liderado por el exministro de Instrucci\u00f3n P\u00fablica en tiempos de la II Rep\u00fablica, Rodolfo Llopis, se integraron en el PSOE-Renovado de Felipe Gonz\u00e1lez, vencedor en el Congreso de Suresnes de 1974, sin exigir nada a cambio. Y tambi\u00e9n aceptaron d\u00f3cilmente la renovaci\u00f3n generacional, permitiendo que los nuevos socialistas, entre otros, procedentes de la direcci\u00f3n local del Movimiento (OJE y Falange), encabezaran las candidaturas a las elecciones municipales. Decisi\u00f3n esta que supuso el primer gran error de la Agrupaci\u00f3n Local y de sus largas y funestas consecuencias en el futuro; yo dir\u00eda que hasta la actualidad. Otra muestra de generosidad la realizaron al ser los primeros que aportaron de manera gratuita, a fondo perdido, cantidades individuales de dinero de hasta 10.000 pesetas (de las de hace m\u00e1s de treinta a\u00f1os) para adquirir la casa de la calle San Sebasti\u00e1n y, tras escriturarla a nombre del PSOE, dedicarla a sede de la Agrupaci\u00f3n Local Socialista. A esta clase de socialistas pertenec\u00eda nuestro querido compa\u00f1ero Frasco \u201cEl Marengo\u201d. Y el viernes tres de noviembre fue enterrado, desapareciendo con \u00e9l el \u00faltimo compa\u00f1ero de esta gran estirpe socialista montefrie\u00f1a.<\/p>\n<p>El Marengo fue un gran luchador en el frente y en la vida; un incansable trabajador buscando y logrando el bienestar de su familia.<\/p>\n<p><a href=\"http:\/\/chove.hol.es\/web\/wp-content\/uploads\/2017\/11\/unnamed.jpg\"><img loading=\"lazy\" decoding=\"async\" class=\"aligncenter wp-image-694 \" src=\"http:\/\/chove.hol.es\/web\/wp-content\/uploads\/2017\/11\/unnamed-300x182.jpg\" alt=\"unnamed\" width=\"504\" height=\"306\" srcset=\"https:\/\/chove.hol.es\/web\/wp-content\/uploads\/2017\/11\/unnamed-300x182.jpg 300w, https:\/\/chove.hol.es\/web\/wp-content\/uploads\/2017\/11\/unnamed-1024x621.jpg 1024w\" sizes=\"auto, (max-width: 504px) 100vw, 504px\" \/><\/a><\/p>\n<p>Tras su exilio a Francia huyendo de la represi\u00f3n franquista, sufri\u00f3 las consecuencias de su condici\u00f3n socialista y de lealtad constitucional, siendo confinado y maltratado en las playas de concentraci\u00f3n de aquel pa\u00eds hasta que consigui\u00f3 su liberaci\u00f3n integr\u00e1ndose en la famosa defensa de la L\u00ednea Maginot contra la Alemania hitleriana. Todav\u00eda recuerdo con emoci\u00f3n el relato de sus vicisitudes ante el periodista Antonio Cambril, al que acompa\u00f1\u00e9 para hacerle una entrevista en su casa, con motivo de la inauguraci\u00f3n de una exposici\u00f3n sobre los campos de concentraci\u00f3n nazis, y a la que Francisco fue invitado preferencial junto a su familia y otros tres compa\u00f1eros de la provincia como \u00faltimos testigos vivos de esa execrable experiencia. Cambril y yo nos asombr\u00e1bamos de la cantidad de datos, detalles e informes que proporcionaba sobre la guerra, las dificultades de supervivencia diaria y el extremo peligro al que estuvo sometido. \u00a0\u201cLos franceses nos trataron muy mal, dec\u00eda, confin\u00e1ndonos en una playa a la intemperie, pasando mucha hambre y con muchos piojos, con fr\u00edo y lluvia, de la que nos proteg\u00edamos bajo una manta sujeta esta de las cuatro puntas por cuatro hombres, que se turnaban peri\u00f3dicamente y a la que hab\u00eda que escurrir de continuo\u201d. Parec\u00eda como si estuvi\u00e9semos viviendo una pel\u00edcula, de c\u00f3mo ten\u00edan que protegerse de los disparos de los francotiradores a su paso por los pueblos, de muchas an\u00e9cdotas a cada cual m\u00e1s interesantes. De esa etapa de su vida le viene el apodo de \u201cMarengo\u201d, porque se buscaba el sustento ayudando a los marengos (pescadores) a tirar de las cuerdas de las redes de pesca. En fin, que era un milagro el que estuviese vivo. All\u00ed comprend\u00ed yo que, adem\u00e1s de la suerte, la fuerte naturaleza y la valent\u00eda de esta casta de hombres era la clave de su supervivencia; en aquellas circunstancias, s\u00f3lo se salvaron los m\u00e1s fuertes. Y ah\u00ed est\u00e1 la prueba al haber muerto por agotamiento fisiol\u00f3gico a los noventa y ocho a\u00f1os, sin enfermedad y tomando su trago de an\u00eds diario. Ya, por \u00faltimas, hab\u00eda dejado de comer; estaba cansado de vivir tanto, y muri\u00f3 recordando a su mama, a su papa y a su hermano Agust\u00edn.<\/p>\n<p>Frasco \u201cEl Marengo\u201d era un hombre leal y de palabra, al que me sent\u00ed siempre vinculado y al que profesaba una gran admiraci\u00f3n y cari\u00f1o. Por todo ello, y en su recuerdo y reconocimiento, con gusto me he decidido a dedicarle estas breves l\u00edneas. Descansa en paz, querido maestro y compa\u00f1ero.<\/p>\n<p>Chove, noviembre de 2017<\/p>\n","protected":false},"excerpt":{"rendered":"<p>Ha muerto Frasco \u201cEl Marengo\u201d Ha muerto el \u00faltimo socialista de una saga hist\u00f3rica montefrie\u00f1a. Con 98 a\u00f1os nos ha dejado Francisco M\u00e1rquez Extremera, Frasco \u201cEl Marengo\u201d. Pertenec\u00eda a la generaci\u00f3n de aquellos viejos socialistas con la que tuvimos la suerte de contar en nuestro pueblo, como Francisco Peregrina \u201cEl Relojero\u201d, Manuel Cucharero \u201cCabezapel\u00e1\u201d, Diego [&hellip;]<\/p>\n","protected":false},"author":2,"featured_media":0,"comment_status":"open","ping_status":"open","sticky":false,"template":"","format":"standard","meta":{"footnotes":""},"categories":[1],"tags":[],"class_list":["post-687","post","type-post","status-publish","format-standard","hentry","category-sin-categoria"],"_links":{"self":[{"href":"https:\/\/chove.hol.es\/web\/index.php?rest_route=\/wp\/v2\/posts\/687","targetHints":{"allow":["GET"]}}],"collection":[{"href":"https:\/\/chove.hol.es\/web\/index.php?rest_route=\/wp\/v2\/posts"}],"about":[{"href":"https:\/\/chove.hol.es\/web\/index.php?rest_route=\/wp\/v2\/types\/post"}],"author":[{"embeddable":true,"href":"https:\/\/chove.hol.es\/web\/index.php?rest_route=\/wp\/v2\/users\/2"}],"replies":[{"embeddable":true,"href":"https:\/\/chove.hol.es\/web\/index.php?rest_route=%2Fwp%2Fv2%2Fcomments&post=687"}],"version-history":[{"count":3,"href":"https:\/\/chove.hol.es\/web\/index.php?rest_route=\/wp\/v2\/posts\/687\/revisions"}],"predecessor-version":[{"id":695,"href":"https:\/\/chove.hol.es\/web\/index.php?rest_route=\/wp\/v2\/posts\/687\/revisions\/695"}],"wp:attachment":[{"href":"https:\/\/chove.hol.es\/web\/index.php?rest_route=%2Fwp%2Fv2%2Fmedia&parent=687"}],"wp:term":[{"taxonomy":"category","embeddable":true,"href":"https:\/\/chove.hol.es\/web\/index.php?rest_route=%2Fwp%2Fv2%2Fcategories&post=687"},{"taxonomy":"post_tag","embeddable":true,"href":"https:\/\/chove.hol.es\/web\/index.php?rest_route=%2Fwp%2Fv2%2Ftags&post=687"}],"curies":[{"name":"wp","href":"https:\/\/api.w.org\/{rel}","templated":true}]}}