{"id":706,"date":"2018-02-08T13:25:30","date_gmt":"2018-02-08T13:25:30","guid":{"rendered":"http:\/\/chove.hol.es\/web\/?p=706"},"modified":"2018-02-08T13:25:30","modified_gmt":"2018-02-08T13:25:30","slug":"montefrio-el-tiempo-meteorologico","status":"publish","type":"post","link":"https:\/\/chove.hol.es\/web\/?p=706","title":{"rendered":"MONTEFR\u00cdO EL TIEMPO METEOROL\u00d3GICO"},"content":{"rendered":"<p>Desde 2014 no ha llovido suficientemente en Montefr\u00edo; los litros ca\u00eddos cada a\u00f1o no han llegado a la media pluviom\u00e9trica de nuestro pueblo. Nuestro nivel fre\u00e1tico est\u00e1 por debajo del l\u00edmite, pues adem\u00e1s de que llueven menos litros, tambi\u00e9n se producen menos d\u00edas de lluvia al a\u00f1o. Por eso, los efectos se perciben de forma inmediata: se secan fuentes y ca\u00f1adas o disminuyen su caudal; se secan pozos o bajan sus niveles o disminuye su manantial; y los \u00e1rboles, la tierra y la agricultura lo sufren directamente.<\/p>\n<p>Dispongo de los datos proporcionados por mis estimados y generosos colaboradores, Juan Moraga Garc\u00eda y Gerardo Santaella Cuevas, y del magn\u00edfico seguimiento de la pluviometr\u00eda que hace F\u00f3rum Montefr\u00edo en tres puntos de nuestro t\u00e9rmino municipal. Con el promedio de todos ellos haremos algunos comentarios y observaciones estad\u00edsticas del comportamiento meteorol\u00f3gico en nuestro pueblo. Tendremos como referencia los niveles medios de Montefr\u00edo publicados en mi libro \u201cMontefr\u00edo: Temperatura, Pluviometr\u00eda y Usos del Agua\u201d del a\u00f1o 2011.<\/p>\n<p>Considero conveniente comenzar haciendo un peque\u00f1o resumen, a modo de recordatorio, de los resultados de esta publicaci\u00f3n.<\/p>\n<p><strong>T\u00e9rmicamente<\/strong>, Montefr\u00edo presenta una temperatura de <strong>16,07 grados de media al a\u00f1o<\/strong> con una amplitud t\u00e9rmica de 18,94 grados. Los inviernos son suaves, a veces fr\u00edos, con temperatura media de 9,37 grados, frecuentes heladas e incluso nevadas, y oscilaci\u00f3n t\u00e9rmica de 5 grados. La primavera comprende los meses de abril y mayo, con una media de 15,75 grados. Los veranos son secos y calurosos, entre 22 y 26 grados, refrescando normalmente por la noche, y con 4 grados de amplitud t\u00e9rmica. La estaci\u00f3n de oto\u00f1o es muy corta, reduci\u00e9ndose pr\u00e1cticamente al mes de octubre con 16,86 grados.<\/p>\n<p>&nbsp;<\/p>\n<p><strong>En cuanto a la lluvia<\/strong>, el municipio recibe unas generosas precipitaciones de<strong> 614 litros de media<\/strong> al a\u00f1o, d\u00e1ndose la m\u00e1xima pluviometr\u00eda en la estaci\u00f3n de oto\u00f1o (229 litros), seguida de cerca por el invierno (221 litros), para continuar con la primavera (125 litros) y finalizar con la escasez del verano (39 litros).<\/p>\n<p>Esta temperatura y pluviometr\u00eda, unidas a su altitud de 836 metros, definen <strong>un clima en nuestro pueblo de tipo mediterr\u00e1neo con influencia oce\u00e1nica en las precipitaciones, destacando tambi\u00e9n su car\u00e1cter continentalizado atenuado. <\/strong><\/p>\n<p>&nbsp;<\/p>\n<p><strong>TEMPERATURAS\u00a0 Y PRECIPITACIONES MEDIAS GENERALES DE MONTEFR\u00cdO<\/strong><\/p>\n<table width=\"603\">\n<tbody>\n<tr>\n<td width=\"54\">MESES<\/td>\n<td width=\"47\">OCT<\/td>\n<td width=\"47\">NOV<\/td>\n<td width=\"38\">DIC<\/td>\n<td width=\"47\">ENERO<\/td>\n<td width=\"38\">FEBR<\/td>\n<td width=\"47\">MAR<\/td>\n<td width=\"47\">ABR<\/td>\n<td width=\"47\">MAY<\/td>\n<td width=\"47\">JUN<\/td>\n<td width=\"47\">JUL<\/td>\n<td width=\"47\">AG<\/td>\n<td width=\"47\">SEPT<\/td>\n<\/tr>\n<tr>\n<td width=\"54\">\n<ol>\n<li>MED.<\/li>\n<\/ol>\n<\/td>\n<td width=\"47\">16,86<\/td>\n<td width=\"47\">11,04<\/td>\n<td width=\"38\">7,82<\/td>\n<td width=\"47\">7,27<\/td>\n<td width=\"38\">9,00<\/td>\n<td width=\"47\">12,02<\/td>\n<td width=\"47\">13,62<\/td>\n<td width=\"47\">17,88<\/td>\n<td width=\"47\">23,55<\/td>\n<td width=\"47\">26,19<\/td>\n<td width=\"47\">26,21<\/td>\n<td width=\"47\">21,27<\/td>\n<\/tr>\n<tr>\n<td width=\"54\">\n<ol>\n<li>MED<\/li>\n<\/ol>\n<\/td>\n<td width=\"47\">59<\/td>\n<td width=\"47\">77<\/td>\n<td width=\"38\">93<\/td>\n<td width=\"47\">79<\/td>\n<td width=\"38\">75<\/td>\n<td width=\"47\">67<\/td>\n<td width=\"47\">59<\/td>\n<td width=\"47\">45<\/td>\n<td width=\"47\">21<\/td>\n<td width=\"47\">3<\/td>\n<td width=\"47\">7<\/td>\n<td width=\"47\">29<\/td>\n<\/tr>\n<\/tbody>\n<\/table>\n<p>&nbsp;<\/p>\n<p>&nbsp;<\/p>\n<p>&nbsp;<\/p>\n<p><strong>La temperatura de los tres \u00faltimos a\u00f1os.<\/strong><\/p>\n<p>Vamos a observar y analizar la <strong>comparativa entre las temperaturas medias <\/strong>de nuestro pueblo y las registradas en los pasados tres a\u00f1os.<\/p>\n<p>Como puede verse en el cuadro siguiente, <strong>las temperaturas medias obtenidas en todos los meses de los tres pasados a\u00f1os han sido m\u00e1s altas que las de las medias del pueblo, <\/strong>manteni\u00e9ndose por encima de los 19 grados. Las medias generales de los tres a\u00f1os han superado en tres puntos a la media de Montefr\u00edo; el a\u00f1o pasado fue el m\u00e1s caluroso con 19,68 grados. Especialmente, los oto\u00f1os han sido bastante calurosos, prolong\u00e1ndose el verano hasta la entrada del invierno. Estas temperaturas del ciclo unidas a la escasez de agua han hecho que se sientan m\u00e1s sus efectos en la percepci\u00f3n del calor y en el aprovechamiento de la escasa agua ca\u00edda.<\/p>\n<p><strong>COMPARATIVA DE TEMPERATURAS MEDIAS<\/strong><\/p>\n<p><strong>\u00a0<\/strong><\/p>\n<table>\n<tbody>\n<tr>\n<td width=\"90\">MESES<\/td>\n<td width=\"90\">TEMPERATURAS<\/p>\n<p>MEDIAS<\/p>\n<p><strong>A\u00d1O 2015<\/strong>(1)<\/td>\n<td width=\"90\">TEMPERATURAS MEDIAS<\/p>\n<p><strong>A\u00d1O 2016<\/strong> (1)<\/td>\n<td width=\"102\">TEMPERATURAS MEDIAS<\/p>\n<p><strong>A\u00d1O 2017<\/strong> (1)<\/td>\n<td width=\"143\">\n<ol>\n<li>MEDIAS GENERALES<\/li>\n<\/ol>\n<p>MONTEFR\u00cdO<\/td>\n<\/tr>\n<tr>\n<td width=\"90\">OCTUBRE<\/td>\n<td width=\"90\">21,1<\/td>\n<td width=\"90\">19,03<\/td>\n<td width=\"102\">21,47<\/td>\n<td width=\"143\">\u00a0\u00a0\u00a0\u00a0\u00a0\u00a0\u00a0\u00a0 16,86<\/td>\n<\/tr>\n<tr>\n<td width=\"90\">NOVIEMBRE<\/td>\n<td width=\"90\">14,41<\/td>\n<td width=\"90\">14,7<\/td>\n<td width=\"102\">13,06<\/td>\n<td width=\"143\">\u00a0\u00a0\u00a0\u00a0\u00a0\u00a0\u00a0\u00a0 11,04<\/td>\n<\/tr>\n<tr>\n<td width=\"90\">DICIEMBRE<\/td>\n<td width=\"90\">9,9<\/td>\n<td width=\"90\">14,07<\/td>\n<td width=\"102\">12,33<\/td>\n<td width=\"143\">\u00a0\u00a0\u00a0\u00a0\u00a0\u00a0\u00a0\u00a0\u00a0\u00a0 7,82<\/td>\n<\/tr>\n<tr>\n<td width=\"90\">ENERO<\/td>\n<td width=\"90\">9,59<\/td>\n<td width=\"90\">11,77<\/td>\n<td width=\"102\">9,62<\/td>\n<td width=\"143\">\u00a0\u00a0\u00a0\u00a0\u00a0\u00a0\u00a0\u00a0\u00a0 7,27<\/td>\n<\/tr>\n<tr>\n<td width=\"90\">FEBRERO<\/td>\n<td width=\"90\">8,93<\/td>\n<td width=\"90\">10,46<\/td>\n<td width=\"102\">13,24<\/td>\n<td width=\"143\">\u00a0\u00a0\u00a0\u00a0\u00a0\u00a0\u00a0\u00a0\u00a0 9,00<\/td>\n<\/tr>\n<tr>\n<td width=\"90\">MARZO<\/td>\n<td width=\"90\">14,04<\/td>\n<td width=\"90\">12,19<\/td>\n<td width=\"102\">14,74<\/td>\n<td width=\"143\">\u00a0\u00a0\u00a0\u00a0\u00a0\u00a0 12,09<\/td>\n<\/tr>\n<tr>\n<td width=\"90\">ABRIL<\/td>\n<td width=\"90\">17,89<\/td>\n<td width=\"90\">15,66<\/td>\n<td width=\"102\">16,94<\/td>\n<td width=\"143\">\u00a0\u00a0\u00a0\u00a0\u00a0\u00a0 13,62<\/td>\n<\/tr>\n<tr>\n<td width=\"90\">MAYO<\/td>\n<td width=\"90\">22,9<\/td>\n<td width=\"90\">19,09<\/td>\n<td width=\"102\">23,12<\/td>\n<td width=\"143\">\u00a0\u00a0\u00a0\u00a0\u00a0\u00a0 17,88<\/td>\n<\/tr>\n<tr>\n<td width=\"90\">JUNIO<\/td>\n<td width=\"90\">25,9<\/td>\n<td width=\"90\">26,08<\/td>\n<td width=\"102\">28,32<\/td>\n<td width=\"143\">\u00a0\u00a0\u00a0\u00a0\u00a0\u00a0 23,55<\/td>\n<\/tr>\n<tr>\n<td width=\"90\">JULIO<\/td>\n<td width=\"90\">35,52<\/td>\n<td width=\"90\">31,38<\/td>\n<td width=\"102\">28,91<\/td>\n<td width=\"143\">\u00a0\u00a0\u00a0\u00a0\u00a0\u00a0 26,19<\/td>\n<\/tr>\n<tr>\n<td width=\"90\">AGOSTO<\/td>\n<td width=\"90\">28<\/td>\n<td width=\"90\">29,53<\/td>\n<td width=\"102\">29,97<\/td>\n<td width=\"143\">\u00a0\u00a0\u00a0\u00a0\u00a0\u00a0 26,21<\/td>\n<\/tr>\n<tr>\n<td width=\"90\">SEPTIEMBRE<\/td>\n<td width=\"90\">23,01<\/td>\n<td width=\"90\">25,46<\/td>\n<td width=\"102\">24,51<\/td>\n<td width=\"143\">\u00a0\u00a0\u00a0\u00a0\u00a0\u00a0 21,27<\/td>\n<\/tr>\n<tr>\n<td width=\"90\">MEDIA<\/td>\n<td width=\"90\"><strong>19,26<\/strong><\/td>\n<td width=\"90\"><strong>19,11<\/strong><\/td>\n<td width=\"102\"><strong>\u00a0\u00a0\u00a0\u00a0\u00a0\u00a0 19,68<\/strong><\/td>\n<td width=\"143\"><strong>\u00a0\u00a0\u00a0\u00a0\u00a0\u00a0 16,07<\/strong><\/td>\n<\/tr>\n<\/tbody>\n<\/table>\n<p>&nbsp;<\/p>\n<p>&nbsp;<\/p>\n<p><strong>La lluvia en Montefr\u00edo. A\u00f1o hidrol\u00f3gico 2017<\/strong><\/p>\n<p>En cuanto a <strong>la pluviometr\u00eda,<\/strong> vamos a comprobar la diferencia entre la lluvia del pasado a\u00f1o hidrol\u00f3gico 2017 y lo que suele llover en el pueblo. Es decir, el n\u00famero de litros recibidos durante los d\u00edas de lluvia comparados con lo que normalmente llueve en Montefr\u00edo, la media de litros y d\u00edas de agua.<\/p>\n<p>Llevamos cuatro a\u00f1os con precipitaciones por debajo de la media en Montefr\u00edo, y, adem\u00e1s, lo ha hecho de manera regresiva, es decir, cada vez menos; el pasado 2017 cay\u00f3 casi la mitad de agua, 364 litros.<\/p>\n<p>&nbsp;<\/p>\n<p><strong>COMPARATIVA DE PLUVIOMETR\u00cdA<\/strong><\/p>\n<p><strong>\u00a0<\/strong><\/p>\n<table>\n<tbody>\n<tr>\n<td width=\"126\">MESES<\/td>\n<td width=\"97\">MEDIA LITROS MONTEFR\u00cdO<\/p>\n<p>&nbsp;<\/td>\n<td width=\"103\">D\u00cdAS DE LLUVIA<\/p>\n<p>MEDIA MONTEFR\u00cdO<\/td>\n<td width=\"130\">LITROS A\u00d1O 2017 (2)<\/p>\n<p>&nbsp;<\/td>\n<td width=\"119\">D\u00cdAS DE LLUVIA<\/p>\n<p>A\u00d1O 2017 (3)<\/p>\n<p>&nbsp;<\/td>\n<\/tr>\n<tr>\n<td width=\"126\">OCTUBRE<\/td>\n<td width=\"97\">59<\/td>\n<td width=\"103\">7,5<\/td>\n<td width=\"130\">\u00a0 \u00a0\u00a048<\/td>\n<td width=\"119\">\u00a0\u00a0\u00a0 3<\/td>\n<\/tr>\n<tr>\n<td width=\"126\">NOVIEMBRE<\/td>\n<td width=\"97\">77<\/td>\n<td width=\"103\">9,1<\/td>\n<td width=\"130\">\u00a0 114<\/td>\n<td width=\"119\">\u00a0\u00a0\u00a0 7<\/td>\n<\/tr>\n<tr>\n<td width=\"126\">DICIEMBRE<\/td>\n<td width=\"97\">93<\/td>\n<td width=\"103\">9,9<\/td>\n<td width=\"130\">\u00a0 \u00a0\u00a0\u00a038<\/td>\n<td width=\"119\">\u00a0\u00a0\u00a0 5<\/td>\n<\/tr>\n<tr>\n<td width=\"126\">ENERO<\/td>\n<td width=\"97\">79<\/td>\n<td width=\"103\">9,2<\/td>\n<td width=\"130\">\u00a0 \u00a0\u00a0\u00a011<\/td>\n<td width=\"119\">\u00a0\u00a0\u00a0 1<\/td>\n<\/tr>\n<tr>\n<td width=\"126\">FEBRERO<\/td>\n<td width=\"97\">75<\/td>\n<td width=\"103\">8,8<\/td>\n<td width=\"130\">\u00a0 \u00a0\u00a0\u00a054<\/td>\n<td width=\"119\">\u00a0\u00a0\u00a0 6<\/td>\n<\/tr>\n<tr>\n<td width=\"126\">MARZO<\/td>\n<td width=\"97\">67<\/td>\n<td width=\"103\">9,3<\/td>\n<td width=\"130\">\u00a0 \u00a0\u00a0\u00a052<\/td>\n<td width=\"119\">\u00a0\u00a0\u00a0 6<\/td>\n<\/tr>\n<tr>\n<td width=\"126\">ABRIL<\/td>\n<td width=\"97\">59<\/td>\n<td width=\"103\">9,3<\/td>\n<td width=\"130\">\u00a0 \u00a0\u00a0\u00a016<\/td>\n<td width=\"119\">\u00a0\u00a0\u00a0 2<\/td>\n<\/tr>\n<tr>\n<td width=\"126\">MAYO<\/td>\n<td width=\"97\">45<\/td>\n<td width=\"103\">7,3<\/td>\n<td width=\"130\">\u00a0\u00a0 \u00a0\u00a011<\/td>\n<td width=\"119\">\u00a0\u00a0\u00a0 3<\/td>\n<\/tr>\n<tr>\n<td width=\"126\">JUNIO<\/td>\n<td width=\"97\">21<\/td>\n<td width=\"103\">3,4<\/td>\n<td width=\"130\">\u00a0 \u00a0\u00a0\u00a016<\/td>\n<td width=\"119\">\u00a0\u00a0\u00a0 3<\/td>\n<\/tr>\n<tr>\n<td width=\"126\">JULIO<\/td>\n<td width=\"97\">3<\/td>\n<td width=\"103\">0,7<\/td>\n<td width=\"130\">\u00a0 \u00a0\u00a0\u00a0\u00a01<\/td>\n<td width=\"119\">\u00a0\u00a0\u00a0 1<\/td>\n<\/tr>\n<tr>\n<td width=\"126\">AGOSTO<\/td>\n<td width=\"97\">7<\/td>\n<td width=\"103\">1,6<\/td>\n<td width=\"130\">\u00a0 \u00a0\u00a0\u00a0\u00a02<\/td>\n<td width=\"119\">\u00a0\u00a0\u00a0 2<\/td>\n<\/tr>\n<tr>\n<td width=\"126\">SEPTIEMBRE<\/td>\n<td width=\"97\">29<\/td>\n<td width=\"103\">4,2<\/td>\n<td width=\"130\">\u00a0\u00a0\u00a0 \u00a0\u00a01<\/td>\n<td width=\"119\">\u00a0\u00a0\u00a0 1<\/td>\n<\/tr>\n<tr>\n<td width=\"126\">TOTALES<\/td>\n<td width=\"97\"><strong>614 litros.<\/strong><\/td>\n<td width=\"103\"><strong>80,3 <\/strong><strong>Media\/a\u00f1o<\/strong><\/td>\n<td width=\"130\">\u00a0 <strong>364<\/strong><strong> Litros.<\/strong><\/td>\n<td width=\"119\"><strong>\u00a0 <\/strong><strong>40 <\/strong><strong>D\u00edas lluvia<\/strong><\/td>\n<\/tr>\n<\/tbody>\n<\/table>\n<p>&nbsp;<\/p>\n<p>&nbsp;<\/p>\n<p>El cuadro anterior refleja claramente que <strong>en 2017 ha llovido menos que la media general del pueblo<\/strong>. Han ca\u00eddo 364 litros de agua durante 40 d\u00edas de lluvia, cuando deber\u00edan haber ca\u00eddo 614 y en 80 d\u00edas. Concretamente, 250 litros menos que la media, un 40,7% menos de agua. Y el agua ca\u00edda lo ha hecho tambi\u00e9n, l\u00f3gicamente, en menos d\u00edas, 40 d\u00edas, el 50% menos; siendo este n\u00famero de d\u00edas, adem\u00e1s, menor del que le corresponder\u00eda proporcionalmente al agua ca\u00edda.<\/p>\n<p>Observando los meses individualmente vemos que en todos ha llovido menos excepto noviembre, pues este mes ha sido generoso cayendo 114 litros, 37 m\u00e1s que la media. Pero si comprobamos en cu\u00e1ntos d\u00edas han ca\u00eddo esos litros vemos que ha sido en 7, dos menos que la media, cuando deber\u00edan haber sido m\u00e1s de 9, pues ha llovido m\u00e1s tambi\u00e9n. Esto indica que ha ca\u00eddo en este mes m\u00e1s agua y en menos tiempo; seguramente, las precipitaciones se habr\u00e1n producido en forma de tormentas o de manera torrencial, por lo que no ha llovido bien, ya que el agua no habr\u00e1 sido bien aprovechada.<\/p>\n<p>Destacan diciembre con menos de la mitad de agua, un 60% menos, y especialmente enero, abril y mayo, con un 86%, 73% y 75% menos respectivamente.<\/p>\n<p><strong>En los \u00faltimos 72 a\u00f1os, s\u00f3lo se han dado tres con peor pluviometr\u00eda en Montefr\u00edo.<\/strong><\/p>\n<p>&nbsp;<\/p>\n<p><strong>Periodos de sequ\u00eda en Montefr\u00edo<\/strong><\/p>\n<p>Siendo este un a\u00f1o malo en precipitaciones, sus efectos son peores por cuanto es el cuarto a\u00f1o consecutivo de un ciclo deficiente en agua. Est\u00e1 claro que <strong>nos encontramos inmersos en uno de esos periodos de entre dos y cinco a\u00f1os con valores pluviom\u00e9tricos bajos que se dan en Montefr\u00edo<\/strong>.<\/p>\n<p>Otras etapas similares de lluvia insuficiente se repitieron en el per\u00edodo de estudio aludido entre 1956-59, 1964-67, 1973-75, 1980-84, 1990-95 y 2005-2007. Como vemos, las etapas se repiten de diez en diez a\u00f1os aproximadamente. Los ciclos de 1980-84 y 1990-95 son los m\u00e1s parecidos al actual. Esperemos que este sea el \u00faltimo a\u00f1o de escasez de agua, pero en lo que va de a\u00f1o hidrol\u00f3gico, desde octubre de 2017, las se\u00f1ales no son esas, pues hasta hoy nos encontramos un poquito por debajo de la media, unos 60 litros menos.<\/p>\n<p>&nbsp;<\/p>\n<p>&nbsp;<\/p>\n<p><strong>\u00a0<\/strong><\/p>\n<p><strong>\u00a0<\/strong><\/p>\n<p><strong>\u00a0<\/strong><\/p>\n<p><strong>\u00a0<\/strong><\/p>\n<p><strong>\u00a0<\/strong><\/p>\n<p><strong>CONCLUSI\u00d3N<\/strong><\/p>\n<p><strong>\u00a0<\/strong><\/p>\n<p><strong>Llevamos unos a\u00f1os at\u00edpicos en temperatura y pluviometr\u00eda; m\u00e1s calor y menos agua<\/strong>. De seguir as\u00ed, se sentir\u00e1n r\u00e1pidamente las consecuencias en primavera y verano en las cosechas, fuentes, arroyos, ca\u00f1adas, pozos, etc.<\/p>\n<p>Con los datos apuntados anteriormente observamos que se mantiene la <strong>tendencia a empeorar la forma de lluvia<\/strong>, (d\u00edas de lluvia, tormentas, distribuci\u00f3n inapropiada, etc.). Por otra parte, hay que evitar hacer un mal uso del agua (dom\u00e9stico, agr\u00edcola e industrial y p\u00fablico-municipal) <strong>para que el nivel fre\u00e1tico baje lo menos posible<\/strong>. Porque si llueve poco y mal, hace m\u00e1s calor y miramos menos por el agua, (gastamos y despilfarramos m\u00e1s), el nivel de nuestro dep\u00f3sito terrestre seguir\u00e1 bajando y en un futuro no muy lejano puede que nos d\u00e9 un susto.<\/p>\n<p>&nbsp;<\/p>\n<p>&nbsp;<\/p>\n<p>(1). Datos t\u00e9rmicos proporcionados por D. Gerardo Santaella Cuevas<\/p>\n<p>(2). Datos Pluviom\u00e9tricos proporcionados por F\u00d3RUM Montefr\u00edo y D. Juan Moraga Garc\u00eda<\/p>\n<p>(3). Datos de d\u00edas de lluvia proporcionados por D. Juan Moraga Garc\u00eda<\/p>\n<p>&nbsp;<\/p>\n<p>Chove, febrero de 2018<\/p>\n","protected":false},"excerpt":{"rendered":"<p>Desde 2014 no ha llovido suficientemente en Montefr\u00edo; los litros ca\u00eddos cada a\u00f1o no han llegado a la media pluviom\u00e9trica de nuestro pueblo. Nuestro nivel fre\u00e1tico est\u00e1 por debajo del l\u00edmite, pues adem\u00e1s de que llueven menos litros, tambi\u00e9n se producen menos d\u00edas de lluvia al a\u00f1o. Por eso, los efectos se perciben de forma [&hellip;]<\/p>\n","protected":false},"author":2,"featured_media":0,"comment_status":"open","ping_status":"open","sticky":false,"template":"","format":"standard","meta":{"footnotes":""},"categories":[1],"tags":[],"class_list":["post-706","post","type-post","status-publish","format-standard","hentry","category-sin-categoria"],"_links":{"self":[{"href":"https:\/\/chove.hol.es\/web\/index.php?rest_route=\/wp\/v2\/posts\/706","targetHints":{"allow":["GET"]}}],"collection":[{"href":"https:\/\/chove.hol.es\/web\/index.php?rest_route=\/wp\/v2\/posts"}],"about":[{"href":"https:\/\/chove.hol.es\/web\/index.php?rest_route=\/wp\/v2\/types\/post"}],"author":[{"embeddable":true,"href":"https:\/\/chove.hol.es\/web\/index.php?rest_route=\/wp\/v2\/users\/2"}],"replies":[{"embeddable":true,"href":"https:\/\/chove.hol.es\/web\/index.php?rest_route=%2Fwp%2Fv2%2Fcomments&post=706"}],"version-history":[{"count":1,"href":"https:\/\/chove.hol.es\/web\/index.php?rest_route=\/wp\/v2\/posts\/706\/revisions"}],"predecessor-version":[{"id":707,"href":"https:\/\/chove.hol.es\/web\/index.php?rest_route=\/wp\/v2\/posts\/706\/revisions\/707"}],"wp:attachment":[{"href":"https:\/\/chove.hol.es\/web\/index.php?rest_route=%2Fwp%2Fv2%2Fmedia&parent=706"}],"wp:term":[{"taxonomy":"category","embeddable":true,"href":"https:\/\/chove.hol.es\/web\/index.php?rest_route=%2Fwp%2Fv2%2Fcategories&post=706"},{"taxonomy":"post_tag","embeddable":true,"href":"https:\/\/chove.hol.es\/web\/index.php?rest_route=%2Fwp%2Fv2%2Ftags&post=706"}],"curies":[{"name":"wp","href":"https:\/\/api.w.org\/{rel}","templated":true}]}}