{"id":719,"date":"2018-02-16T13:56:08","date_gmt":"2018-02-16T13:56:08","guid":{"rendered":"http:\/\/chove.hol.es\/web\/?p=719"},"modified":"2018-02-16T13:57:56","modified_gmt":"2018-02-16T13:57:56","slug":"las-fiestas-de-las-candelarias-y-el-carnaval-en-montefrio-2","status":"publish","type":"post","link":"https:\/\/chove.hol.es\/web\/?p=719","title":{"rendered":"Las fiestas de las Candelarias y el Carnaval en Montefr\u00edo"},"content":{"rendered":"<p>Este fin de semana se celebra el Carnaval en Montefr\u00edo. El ayuntamiento ha programado unas actividades de concursos para comparsas y disfraces a celebrar en la nave multiusos.<\/p>\n<p>El pasado d\u00eda uno del presente mes se celebr\u00f3 tambi\u00e9n la fiesta de la Candelaria.<\/p>\n<p>En el a\u00f1o 2014 se public\u00f3 un trabajo de investigaci\u00f3n sobre estas dos festividades, en el que participaron muchos montefrie\u00f1os y montefrie\u00f1as, donde se recopil\u00f3 y present\u00f3 un libro y un CD con una serie de coplas que se cantaban en el pasado reciente de nuestra localidad.<\/p>\n<p>Pues bien, han pasado ya cuatro a\u00f1os y el ayuntamiento no ha hecho uso ni una sola vez de este material para la divulgaci\u00f3n y promoci\u00f3n de nuestra tradici\u00f3n e historia en la celebraci\u00f3n de estas festividades. Ni siquiera se han puesto como m\u00fasica de fondo en los actos de celebraci\u00f3n de estas fiestas las preciosas melod\u00edas compuestas y cantadas por las antiguas \u201cEstudiantinas\u201d montefrie\u00f1as, ni se ha hecho alusi\u00f3n alguna a nuestro trabajo sobre el acervo hist\u00f3rico-musical de las Candelarias y el Carnaval.<\/p>\n<p>Es una l\u00e1stima que se emplee tanto trabajo, esfuerzo e ilusi\u00f3n en investigar y profundizar en nuestra tradici\u00f3n y principios, recordando y homenajeando a hist\u00f3ricos personajes vecinos nuestros, que tanto hicieron disfrutar y divertirse a nuestros antepasados, para que luego no tenga consideraci\u00f3n en cuanto a continuidad y uso por la primera Instituci\u00f3n p\u00fablica del municipio, como es el Ayuntamiento y su \u00c1rea de Cultura.<\/p>\n<p>Menos mal que el disfrute y la satisfacci\u00f3n del trabajo realizado no hay quien los borre, y mucho menos su contenido, y yo lo revivo cada d\u00eda por estas fechas y lo comparto con los vecinos del bloque con mi equipo de m\u00fasica.<\/p>\n<p>En esta faceta, las comparsas no van a poder cantar aquella coplilla que os adjunto y que, entre otras cosas, dec\u00eda:<\/p>\n<p>\u201c<em>En este pueblo, se\u00f1ores,<\/em><\/p>\n<p><em>\u00a0\u00a0\u00a0\u00a0\u00a0\u00a0\u00a0\u00a0\u00a0\u00a0\u00a0\u00a0\u00a0\u00a0\u00a0\u00a0\u00a0\u00a0\u00a0\u00a0\u00a0\u00a0\u00a0\u00a0\u00a0\u00a0\u00a0\u00a0\u00a0\u00a0\u00a0\u00a0\u00a0\u00a0\u00a0\u00a0\u00a0\u00a0\u00a0\u00a0\u00a0\u00a0\u00a0\u00a0\u00a0\u00a0 desde que lo hicieron<\/em><\/p>\n<p><em>\u00a0\u00a0\u00a0\u00a0\u00a0\u00a0\u00a0\u00a0\u00a0\u00a0\u00a0\u00a0\u00a0\u00a0\u00a0\u00a0\u00a0\u00a0\u00a0\u00a0\u00a0\u00a0\u00a0\u00a0\u00a0\u00a0\u00a0\u00a0\u00a0\u00a0\u00a0\u00a0\u00a0\u00a0\u00a0\u00a0\u00a0\u00a0\u00a0\u00a0\u00a0\u00a0\u00a0\u00a0\u00a0\u00a0 no ha habido un se\u00f1or alcalde <\/em><\/p>\n<p><em>\u00a0\u00a0\u00a0\u00a0\u00a0\u00a0\u00a0\u00a0\u00a0\u00a0\u00a0\u00a0\u00a0\u00a0\u00a0\u00a0\u00a0\u00a0\u00a0\u00a0\u00a0\u00a0\u00a0\u00a0\u00a0\u00a0\u00a0\u00a0\u00a0\u00a0\u00a0\u00a0\u00a0\u00a0\u00a0\u00a0\u00a0\u00a0\u00a0\u00a0\u00a0\u00a0\u00a0\u00a0\u00a0\u00a0 como el que ahora tenemos\u2026\u201d<\/em><\/p>\n","protected":false},"excerpt":{"rendered":"<p>Este fin de semana se celebra el Carnaval en Montefr\u00edo. El ayuntamiento ha programado unas actividades de concursos para comparsas y disfraces a celebrar en la nave multiusos. El pasado d\u00eda uno del presente mes se celebr\u00f3 tambi\u00e9n la fiesta de la Candelaria. En el a\u00f1o 2014 se public\u00f3 un trabajo de investigaci\u00f3n sobre estas [&hellip;]<\/p>\n","protected":false},"author":2,"featured_media":0,"comment_status":"closed","ping_status":"open","sticky":false,"template":"","format":"standard","meta":{"footnotes":""},"categories":[1],"tags":[],"class_list":["post-719","post","type-post","status-publish","format-standard","hentry","category-sin-categoria"],"_links":{"self":[{"href":"https:\/\/chove.hol.es\/web\/index.php?rest_route=\/wp\/v2\/posts\/719","targetHints":{"allow":["GET"]}}],"collection":[{"href":"https:\/\/chove.hol.es\/web\/index.php?rest_route=\/wp\/v2\/posts"}],"about":[{"href":"https:\/\/chove.hol.es\/web\/index.php?rest_route=\/wp\/v2\/types\/post"}],"author":[{"embeddable":true,"href":"https:\/\/chove.hol.es\/web\/index.php?rest_route=\/wp\/v2\/users\/2"}],"replies":[{"embeddable":true,"href":"https:\/\/chove.hol.es\/web\/index.php?rest_route=%2Fwp%2Fv2%2Fcomments&post=719"}],"version-history":[{"count":1,"href":"https:\/\/chove.hol.es\/web\/index.php?rest_route=\/wp\/v2\/posts\/719\/revisions"}],"predecessor-version":[{"id":720,"href":"https:\/\/chove.hol.es\/web\/index.php?rest_route=\/wp\/v2\/posts\/719\/revisions\/720"}],"wp:attachment":[{"href":"https:\/\/chove.hol.es\/web\/index.php?rest_route=%2Fwp%2Fv2%2Fmedia&parent=719"}],"wp:term":[{"taxonomy":"category","embeddable":true,"href":"https:\/\/chove.hol.es\/web\/index.php?rest_route=%2Fwp%2Fv2%2Fcategories&post=719"},{"taxonomy":"post_tag","embeddable":true,"href":"https:\/\/chove.hol.es\/web\/index.php?rest_route=%2Fwp%2Fv2%2Ftags&post=719"}],"curies":[{"name":"wp","href":"https:\/\/api.w.org\/{rel}","templated":true}]}}