{"id":726,"date":"2018-03-13T13:54:05","date_gmt":"2018-03-13T13:54:05","guid":{"rendered":"http:\/\/chove.hol.es\/web\/?p=726"},"modified":"2018-03-13T13:54:05","modified_gmt":"2018-03-13T13:54:05","slug":"dia-internacional-de-la-mujer-y-de-la-igualdad","status":"publish","type":"post","link":"https:\/\/chove.hol.es\/web\/?p=726","title":{"rendered":"D\u00eda internacional de la mujer y de la igualdad"},"content":{"rendered":"<p>La primera vez que tuve conciencia del trabajo de las mujeres y de la desigualdad de sexos, de la diferencia de las condiciones de vida entre el hombre y la mujer, fue en mi emigraci\u00f3n de estudiante a Alemania, con dieciocho a\u00f1os. Antes, no hab\u00eda reparado nunca en qui\u00e9n barr\u00eda, fregaba suelos y hac\u00eda limpieza general de la casa; ni me hab\u00eda fijado en qui\u00e9n lavaba mi ropa (a mano, por cierto, restregando y dando pulpejo a los trapos en los lavaderos p\u00fablicos o el arroyo), planchaba y colocaba cada prenda en su percha y en el armario. Cambiaba de vestimenta cuando cre\u00eda oportuno o cuando me lo indicaba mi madre, pero no observaba que el bot\u00f3n que se me hab\u00eda ca\u00eddo de la camisa d\u00edas atr\u00e1s o el guinch\u00f3n que me hice en el pantal\u00f3n jugando con los amigos ya estaban reparados y arreglados. Cuando ten\u00eda hambre o llegaba la hora de comer no ten\u00eda que pensar en c\u00f3mo o qu\u00e9 comer\u00eda porque al llegar a mi casa la mesa estaba puesta, y, si acaso, lo que me preocupaba era si me gustaba o no me gustaba lo que se me ofrec\u00eda, solicitando a mi madre, en caso de desavenencia, que me preparara alguna otra alternativa. Jam\u00e1s pens\u00e9 en el engorro de lavar los platos porque nunca lo hab\u00eda hecho.<\/p>\n<p>Todos estos trabajos y muchos m\u00e1s los hac\u00eda mi madre sin que repar\u00e1ramos en ello, y sin ayuda de nadie, ni de mi padre ni de mis hermanos (mi hermana estaba a\u00fan peque\u00f1a, pero su desarrollo f\u00edsico iba compagin\u00e1ndose tambi\u00e9n con sus responsabilidades en el hogar). Nunca demand\u00f3 mi madre alg\u00fan tipo de colaboraci\u00f3n ni hizo referencia o alusi\u00f3n al privilegio que ten\u00edamos los varones con respecto a las mujeres, a la bicoca que nos hab\u00eda tocado por el simple hecho de ser machos; era nuestro derecho por herencia ancestral.<\/p>\n<p>Y fue en Herford, como digo, en Alemania, donde experiment\u00e9 estas diferencias, estas desigualdades, esta injusticia, pues al estar solo sin nadie que acometiera estos pesados y engorrosos trabajos valor\u00e9 en toda su extensi\u00f3n y con objetividad el papel de mi madre, la mujer, en el hogar.<\/p>\n<p>Pero no ha de interpretarse lo que digo como el reconocimiento a la labor del ama de casa es s\u00ed mismo, que tambi\u00e9n, o al reparto de funciones de la mujer en la casa y el hombre en el tajo o puesto, sino que quiero poner el \u00e9nfasis en la diferencia, la discriminaci\u00f3n y la desventaja de la mujer con respecto al hombre por el simple hecho de haber nacido mujer. All\u00ed, en Alemania, donde casi todos los matrimonios emigrantes, el hombre y la mujer trabajaban en la misma f\u00e1brica e incluso en la misma secci\u00f3n y funci\u00f3n, al llegar a casa tras la jornada laboral ellos se dedicaban a jugar al d\u00f3mino, a las cartas o a la ch\u00e1chara con los paisanos y vecinos, sentados c\u00f3modamente disfrutando de unas cervecitas acompa\u00f1adas de alguna tapita preparada tambi\u00e9n, por supuesto, por las mujeres. Y mientras que ellos disfrutaban de este merecido descanso y relax, ellas, las mujeres, se dedicaban a realizar todas las faenas apuntadas anteriormente y preparaban la merienda para el d\u00eda siguiente. Incluso se acostaban muchas veces despu\u00e9s que los hombres porque no les daba tiempo a hacer todas estas tareas. Y a la ma\u00f1ana siguiente, de madrugada, se levantaban antes que los hombres tambi\u00e9n para preparar el desayuno y dejar la cama hecha antes de irse con el marido a la f\u00e1brica. All\u00ed percib\u00ed y sent\u00ed con pesar la discriminaci\u00f3n de la mujer por primera vez.<\/p>\n<p>Luego, con el regreso a Espa\u00f1a, las cosas para m\u00ed no cambaron tampoco mucho en los hechos, aunque s\u00ed en el pensamiento, porque aqu\u00ed segu\u00eda predominando el machismo m\u00e1s exacerbado (eran los a\u00f1os setenta). Ahora, cuando escribo estas l\u00edneas, hago lo que puedo, que no es mucho, porque la cultura diferencial heredada est\u00e1 incrustada y arraigada profundamente en cuerpo y mente tanto en el hombre como en la mujer, pero al menos soy consciente de ello, creo en la igualdad y la defiendo, tengo prop\u00f3sito permanente de enmienda y procuro corregir esta injusticia para las generaciones futuras con la educaci\u00f3n de mis hijos. Y sirva tambi\u00e9n la presente reflexi\u00f3n como confesi\u00f3n y acto de contrici\u00f3n por mi mala actuaci\u00f3n como esposo y hombre.<\/p>\n<p>&nbsp;<\/p>\n<p>Granada, 8 de marzo de 2018<\/p>\n","protected":false},"excerpt":{"rendered":"<p>La primera vez que tuve conciencia del trabajo de las mujeres y de la desigualdad de sexos, de la diferencia de las condiciones de vida entre el hombre y la mujer, fue en mi emigraci\u00f3n de estudiante a Alemania, con dieciocho a\u00f1os. Antes, no hab\u00eda reparado nunca en qui\u00e9n barr\u00eda, fregaba suelos y hac\u00eda limpieza [&hellip;]<\/p>\n","protected":false},"author":2,"featured_media":0,"comment_status":"closed","ping_status":"open","sticky":false,"template":"","format":"standard","meta":{"footnotes":""},"categories":[1],"tags":[],"class_list":["post-726","post","type-post","status-publish","format-standard","hentry","category-sin-categoria"],"_links":{"self":[{"href":"https:\/\/chove.hol.es\/web\/index.php?rest_route=\/wp\/v2\/posts\/726","targetHints":{"allow":["GET"]}}],"collection":[{"href":"https:\/\/chove.hol.es\/web\/index.php?rest_route=\/wp\/v2\/posts"}],"about":[{"href":"https:\/\/chove.hol.es\/web\/index.php?rest_route=\/wp\/v2\/types\/post"}],"author":[{"embeddable":true,"href":"https:\/\/chove.hol.es\/web\/index.php?rest_route=\/wp\/v2\/users\/2"}],"replies":[{"embeddable":true,"href":"https:\/\/chove.hol.es\/web\/index.php?rest_route=%2Fwp%2Fv2%2Fcomments&post=726"}],"version-history":[{"count":1,"href":"https:\/\/chove.hol.es\/web\/index.php?rest_route=\/wp\/v2\/posts\/726\/revisions"}],"predecessor-version":[{"id":727,"href":"https:\/\/chove.hol.es\/web\/index.php?rest_route=\/wp\/v2\/posts\/726\/revisions\/727"}],"wp:attachment":[{"href":"https:\/\/chove.hol.es\/web\/index.php?rest_route=%2Fwp%2Fv2%2Fmedia&parent=726"}],"wp:term":[{"taxonomy":"category","embeddable":true,"href":"https:\/\/chove.hol.es\/web\/index.php?rest_route=%2Fwp%2Fv2%2Fcategories&post=726"},{"taxonomy":"post_tag","embeddable":true,"href":"https:\/\/chove.hol.es\/web\/index.php?rest_route=%2Fwp%2Fv2%2Ftags&post=726"}],"curies":[{"name":"wp","href":"https:\/\/api.w.org\/{rel}","templated":true}]}}