{"id":729,"date":"2018-04-12T11:00:16","date_gmt":"2018-04-12T11:00:16","guid":{"rendered":"http:\/\/chove.hol.es\/web\/?p=729"},"modified":"2018-04-12T11:00:16","modified_gmt":"2018-04-12T11:00:16","slug":"puigdemont-y-la-cueva-de-ali-baba-europea","status":"publish","type":"post","link":"https:\/\/chove.hol.es\/web\/?p=729","title":{"rendered":"Puigdemont y la cueva de Al\u00ed Bab\u00e1 europea"},"content":{"rendered":"<p>No voy a entrar en lo acertado o no de la decisi\u00f3n del tribunal regional alem\u00e1n sobre la extradici\u00f3n de Puigdemont a Espa\u00f1a porque no soy un experto en justicia; sus \u201crazones\u201d tendr\u00e1n los magistrados, aunque yo no las comparta. Pero no consigo comprender que una jueza \u201cregional\u201d alemana revise y juzgue en dos d\u00edas el dictamen elaborado durante meses de un juez del Supremo espa\u00f1ol; que un juzgado \u201cregional\u201d alem\u00e1n se convierta en una instancia superior del Tribunal Supremo de Espa\u00f1a; que, en definitiva, una jueza \u201cregional\u201d alemana le enmiende la plana a un juez del Tribunal Supremo de Espa\u00f1a. Tampoco consigo comprender eso de que la \u201cRebeli\u00f3n\u201d de que se le acusa en Espa\u00f1a al \u201ccapit\u00e1n del Costa Concordia\u201d (como ha llamado Felipe Gonz\u00e1lez a Puigdemont) no se corresponde con la \u201cAlta Traici\u00f3n\u201d del ordenamiento jur\u00eddico alem\u00e1n porque la violencia que observa dicho tribunal, en la imputaci\u00f3n que hace la justicia espa\u00f1ola al expresidente catal\u00e1n, no ha <em>\u201csometido al organismo constitucional a una presi\u00f3n capaz de doblegar su voluntad\u201d<\/em> ni le ha \u201c<em>obligado<\/em> <em>a capitular ante las exigencias de los perpetradores de la violencia\u201d<\/em>. Pero \u00bfes que si hubiese llegado a ocurrir esto estar\u00edamos en condiciones de solicitar extradici\u00f3n alguna, tendr\u00eda objeto el actual procedimiento?<\/p>\n<p>La euroorden de extradici\u00f3n est\u00e1 basada en la confianza mutua entre los pa\u00edses que conforman la Uni\u00f3n, y pretende la cooperaci\u00f3n y agilizaci\u00f3n de los tr\u00e1mites para la aplicaci\u00f3n de la justicia a los delincuentes, por lo que lo l\u00f3gico ser\u00eda que las autoridades judiciales del pa\u00eds al que los jueces le solicitan una extradici\u00f3n no entrasen en el contenido del expediente y tramitasen sin m\u00e1s el traslado del individuo reclamado a las autoridades judiciales que llevan el peso del sumario. Si no es as\u00ed, \u00bfd\u00f3nde est\u00e1 la confianza y cooperaci\u00f3n?, \u00bfpara qu\u00e9 sirve la orden de extradici\u00f3n europea, qu\u00e9 utilidad tiene? Habr\u00e1 que revisarla.<\/p>\n<p>Tambi\u00e9n creo que, con el tiempo y la jurisprudencia creada, Europa puede llegar a convertirse en una especie de cueva de Al\u00ed Bab\u00e1 para todo tipo de delincuentes (civiles, militares y pol\u00edticos), que, seg\u00fan la legislaci\u00f3n vigente establecida en cada miembro de la Uni\u00f3n, buscar\u00e1n refugio en el Estado que m\u00e1s convenga a su defensa y seguridad, poblando el territorio europeo con un diverso mosaico de sinverg\u00fcenzas acomodados.<\/p>\n<p>Por otra parte, deduzco de este inesperado varapalo a Espa\u00f1a que a la Uni\u00f3n Europea le falta mucho para ser unida, porque cada pa\u00eds toca el pito seg\u00fan opini\u00f3n y conveniencia sin atender a los intereses generales de la Comunidad. En Europa solo importa la econom\u00eda, el dinero, el euro y poco m\u00e1s. No se ha avanzado pr\u00e1cticamente nada en la constituci\u00f3n de una gran Comunidad desde la iniciativa creadora de aquellos grandes l\u00edderes europeos como Willy Brandt, Fran\u00e7ois Mitterrand, Sandro Pertini, Olof Palme, Felipe Gonz\u00e1lez, etc. Y las perspectivas no son muy esperanzadoras (ejem.: el brexit y los recientes resultados electorales de Hungr\u00eda). Son muy pocos los pol\u00edticos europeos con car\u00e1cter y empuje decididos a avanzar.<\/p>\n<p>Espa\u00f1a, a pesar de su peso espec\u00edfico como cuarto en econom\u00eda y poblaci\u00f3n, y segunda en tama\u00f1o de la Uni\u00f3n, no se corresponde adecuadamente con la representaci\u00f3n y liderazgo en los \u00f3rganos de direcci\u00f3n y gobierno europeos.<\/p>\n<p>Nuestro presidente, Mariano Rajoy, no tiene ni la aptitud ni la actitud suficiente y necesaria para influir ni impulsar nada; pinta muy poco en el contexto internacional, ni se le teme ni se le escucha ni se le tiene en cuenta. \u00bfPor qu\u00e9 no ha desplegado un programa general del gobierno, embajadores, consulados, etc. con declaraciones, entrevistas, reuniones y ruedas de prensa en Europa para informar y explicar la situaci\u00f3n de Catalu\u00f1a y contrarrestar la demag\u00f3gica y enga\u00f1osa, pero influyente informaci\u00f3n del independentismo catal\u00e1n? Ah\u00ed tenemos los resultados: la decisi\u00f3n de la jueza regional alemana, las declaraciones de la ministra socialista de justicia alemana, editoriales como el del Time, etc.<\/p>\n<p>Rajoy, adem\u00e1s de no tener liderazgo en Europa, se mueve menos que un tranco, y para recoger algunos frutos hay que varearlos.<\/p>\n<p>Se hace preciso una Europa m\u00e1s estructurada y unida y mejores liderazgos.<\/p>\n<p>&nbsp;<\/p>\n<p>Chove, abril de 2018<\/p>\n","protected":false},"excerpt":{"rendered":"<p>No voy a entrar en lo acertado o no de la decisi\u00f3n del tribunal regional alem\u00e1n sobre la extradici\u00f3n de Puigdemont a Espa\u00f1a porque no soy un experto en justicia; sus \u201crazones\u201d tendr\u00e1n los magistrados, aunque yo no las comparta. Pero no consigo comprender que una jueza \u201cregional\u201d alemana revise y juzgue en dos d\u00edas [&hellip;]<\/p>\n","protected":false},"author":2,"featured_media":0,"comment_status":"open","ping_status":"open","sticky":false,"template":"","format":"standard","meta":{"footnotes":""},"categories":[1],"tags":[],"class_list":["post-729","post","type-post","status-publish","format-standard","hentry","category-sin-categoria"],"_links":{"self":[{"href":"https:\/\/chove.hol.es\/web\/index.php?rest_route=\/wp\/v2\/posts\/729","targetHints":{"allow":["GET"]}}],"collection":[{"href":"https:\/\/chove.hol.es\/web\/index.php?rest_route=\/wp\/v2\/posts"}],"about":[{"href":"https:\/\/chove.hol.es\/web\/index.php?rest_route=\/wp\/v2\/types\/post"}],"author":[{"embeddable":true,"href":"https:\/\/chove.hol.es\/web\/index.php?rest_route=\/wp\/v2\/users\/2"}],"replies":[{"embeddable":true,"href":"https:\/\/chove.hol.es\/web\/index.php?rest_route=%2Fwp%2Fv2%2Fcomments&post=729"}],"version-history":[{"count":1,"href":"https:\/\/chove.hol.es\/web\/index.php?rest_route=\/wp\/v2\/posts\/729\/revisions"}],"predecessor-version":[{"id":730,"href":"https:\/\/chove.hol.es\/web\/index.php?rest_route=\/wp\/v2\/posts\/729\/revisions\/730"}],"wp:attachment":[{"href":"https:\/\/chove.hol.es\/web\/index.php?rest_route=%2Fwp%2Fv2%2Fmedia&parent=729"}],"wp:term":[{"taxonomy":"category","embeddable":true,"href":"https:\/\/chove.hol.es\/web\/index.php?rest_route=%2Fwp%2Fv2%2Fcategories&post=729"},{"taxonomy":"post_tag","embeddable":true,"href":"https:\/\/chove.hol.es\/web\/index.php?rest_route=%2Fwp%2Fv2%2Ftags&post=729"}],"curies":[{"name":"wp","href":"https:\/\/api.w.org\/{rel}","templated":true}]}}