{"id":733,"date":"2018-05-21T12:21:44","date_gmt":"2018-05-21T12:21:44","guid":{"rendered":"http:\/\/chove.hol.es\/web\/?p=733"},"modified":"2018-05-21T12:21:44","modified_gmt":"2018-05-21T12:21:44","slug":"contradicciones-del-abogado-aleman-de-puigdemont","status":"publish","type":"post","link":"https:\/\/chove.hol.es\/web\/?p=733","title":{"rendered":"Contradicciones del abogado alem\u00e1n de Puigdemont"},"content":{"rendered":"<p>&nbsp;<\/p>\n<p><strong>Contradicciones del abogado alem\u00e1n de Puigdemont<\/strong><\/p>\n<p><strong>\u00a0<\/strong><\/p>\n<p><strong>Schomburg<\/strong>, abogado alem\u00e1n de Carles Puigdemont,\u00a0ser\u00e1 un prestigioso penalista, ex juez del Tribunal Supremo de Alemania y tendr\u00e1 una larga experiencia en tribunales internacionales, pero yo, en mi humilde opini\u00f3n, observo aparentes contradicciones en sus palabras; ser\u00e1 porque soy profano en justicia. Veamos:<\/p>\n<p>1\u00ba.- El abogado alem\u00e1n de Carles Puigdemont\u00a0<strong>Wolfgang Schomburg\u00a0<\/strong>ha lamentado en una entrevista exclusiva con la agencia DPA \u201cel silencio atronador\u201d del Gobierno de su pa\u00eds respecto a la\u00a0<strong>euroorden\u00a0<\/strong>emitida por las autoridades espa\u00f1olas y la correspondiente petici\u00f3n de entrega del expresidente catal\u00e1n. <strong>\u201cNo entiendo que el Gobierno federal no haya dicho desde el principio y por iniciativa propia que no aprobar\u00eda la extradici\u00f3n. Nosotros no queremos que los dram\u00e1ticos asuntos pol\u00edticos internos espa\u00f1oles sean resueltos en territorio alem\u00e1n\u201d<\/strong><\/p>\n<p>Yo pienso: si el Gobierno federal alem\u00e1n no aprueba la extradici\u00f3n de Puigdemont, \u00bfno est\u00e1 resolviendo de facto un dram\u00e1tico asunto pol\u00edtico interno espa\u00f1ol, que es lo que precisamente parece que no quiere este abogado.?<\/p>\n<p>2.- Seg\u00fan Schomburg, <strong>\u201cse corre el riesgo de que la justicia se convierta en un \u201cjuguete\u201d de la pol\u00edtica\u201d.<\/strong><\/p>\n<p>Yo pienso: si el Gobierno alem\u00e1n niega la extradici\u00f3n de Puigdemont e impide con esta decisi\u00f3n que se haga justicia en Espa\u00f1a, \u00bfno est\u00e1 provocando con ello que la pol\u00edtica utilice a la justicia como un juguete, que es precisamente el riesgo que este abogado parece querer evitar.?<\/p>\n<p><strong>\u00a0<\/strong><\/p>\n<p>Chove, mayo de 2018<\/p>\n","protected":false},"excerpt":{"rendered":"<p>&nbsp; Contradicciones del abogado alem\u00e1n de Puigdemont \u00a0 Schomburg, abogado alem\u00e1n de Carles Puigdemont,\u00a0ser\u00e1 un prestigioso penalista, ex juez del Tribunal Supremo de Alemania y tendr\u00e1 una larga experiencia en tribunales internacionales, pero yo, en mi humilde opini\u00f3n, observo aparentes contradicciones en sus palabras; ser\u00e1 porque soy profano en justicia. Veamos: 1\u00ba.- El abogado alem\u00e1n [&hellip;]<\/p>\n","protected":false},"author":2,"featured_media":0,"comment_status":"open","ping_status":"open","sticky":false,"template":"","format":"standard","meta":{"footnotes":""},"categories":[1],"tags":[],"class_list":["post-733","post","type-post","status-publish","format-standard","hentry","category-sin-categoria"],"_links":{"self":[{"href":"https:\/\/chove.hol.es\/web\/index.php?rest_route=\/wp\/v2\/posts\/733","targetHints":{"allow":["GET"]}}],"collection":[{"href":"https:\/\/chove.hol.es\/web\/index.php?rest_route=\/wp\/v2\/posts"}],"about":[{"href":"https:\/\/chove.hol.es\/web\/index.php?rest_route=\/wp\/v2\/types\/post"}],"author":[{"embeddable":true,"href":"https:\/\/chove.hol.es\/web\/index.php?rest_route=\/wp\/v2\/users\/2"}],"replies":[{"embeddable":true,"href":"https:\/\/chove.hol.es\/web\/index.php?rest_route=%2Fwp%2Fv2%2Fcomments&post=733"}],"version-history":[{"count":1,"href":"https:\/\/chove.hol.es\/web\/index.php?rest_route=\/wp\/v2\/posts\/733\/revisions"}],"predecessor-version":[{"id":734,"href":"https:\/\/chove.hol.es\/web\/index.php?rest_route=\/wp\/v2\/posts\/733\/revisions\/734"}],"wp:attachment":[{"href":"https:\/\/chove.hol.es\/web\/index.php?rest_route=%2Fwp%2Fv2%2Fmedia&parent=733"}],"wp:term":[{"taxonomy":"category","embeddable":true,"href":"https:\/\/chove.hol.es\/web\/index.php?rest_route=%2Fwp%2Fv2%2Fcategories&post=733"},{"taxonomy":"post_tag","embeddable":true,"href":"https:\/\/chove.hol.es\/web\/index.php?rest_route=%2Fwp%2Fv2%2Ftags&post=733"}],"curies":[{"name":"wp","href":"https:\/\/api.w.org\/{rel}","templated":true}]}}