{"id":740,"date":"2018-06-18T18:02:12","date_gmt":"2018-06-18T18:02:12","guid":{"rendered":"http:\/\/chove.hol.es\/web\/?p=740"},"modified":"2018-06-18T18:02:12","modified_gmt":"2018-06-18T18:02:12","slug":"el-catalan-como-requisito-oficial-para-optar-a-un-trabajo","status":"publish","type":"post","link":"https:\/\/chove.hol.es\/web\/?p=740","title":{"rendered":"El catal\u00e1n como requisito oficial para optar a un trabajo"},"content":{"rendered":"<p><strong>El catal\u00e1n como requisito oficial para optar a un trabajo<\/strong><\/p>\n<p>La informaci\u00f3n que os adjunto sobre la exigencia del catal\u00e1n para ser admitido en la bolsa de trabajo en Baleares me ha motivado a realizar el siguiente comentario:<\/p>\n<p>La proliferaci\u00f3n de esta clase de requisitos por las distintas comunidades aut\u00f3nomas espa\u00f1olas me parece un aut\u00e9ntico disparate. \u00bfQu\u00e9 se pretende con ello, obligar a la gente a hablar catal\u00e1n? El aprendizaje y uso de una lengua debe ser un hecho natural, libre y voluntario. \u00bfQu\u00e9 beneficio obtienen los ciudadanos con esta obligaci\u00f3n? \u00bfResponde con esta iniciativa la socialista Francina Armengol, presidenta del Govern balear, a un clamor popular o a una aspiraci\u00f3n general de la poblaci\u00f3n balear? \u00bfNo crea un problema donde no hab\u00eda? Hasta ahora, las noticias reflejan quejas generalizadas y malestar de la ciudadan\u00eda. Yo no tengo conocimiento de que en ninguna comunidad haya un inter\u00e9s profuso de los vecinos por requerir a todos los profesionales el conocimiento imprescindible de su lengua para optar al desempe\u00f1o de su trabajo. Otra cosa es que se considere como m\u00e9rito el conocimiento de esta, y que, en caso de acceder al trabajo, se les recomiende su aprendizaje para una mejor relaci\u00f3n y comunicaci\u00f3n con los usuarios. Pero nunca como un requisito oficial indispensable para solicitar un puesto de trabajo. El lenguaje debe servir para unir, no para discriminar. La Constituci\u00f3n establece en su art\u00edculo 3 la obligaci\u00f3n de conocer el castellano y el derecho de usar las dem\u00e1s lenguas.<\/p>\n<p>Considero que se produce con esta medida un claro agravio comparativo, una lesi\u00f3n al derecho de igualdad de oportunidades para todos los espa\u00f1oles, pues, por ejemplo, aplicando este requisito, los aspirantes de esas comunidades pueden optar a los puestos de trabajo de su comunidad y de Andaluc\u00eda, mientras que los andaluces solo pueden hacerlo en su tierra. Un m\u00e9dico balear puede inscribirse en la bolsa de trabajo de Baleares y Andaluc\u00eda, pero un m\u00e9dico andaluz no puede hacerlo en Baleares. \u00bfEstas medidas facilitan la consecuci\u00f3n de empleo? En todo caso, para los propios de la comunidad. Como sigan proliferando este tipo de iniciativas va a ser m\u00e1s dif\u00edcil todav\u00eda encontrar trabajo en Espa\u00f1a; m\u00e1s dif\u00edcil que en el resto de Europa. En Europa, sabiendo ingl\u00e9s como idioma gen\u00e9rico, normalmente se permite el acceso a cualquier trabajo, mientras que en Espa\u00f1a, hablando espa\u00f1ol, habr\u00e1 escasas oportunidades de trabajar.<\/p>\n<p>No soy partidario de nacionalismos ni de discriminar a las personas por ning\u00fan criterio. Diferenciar es s\u00edntoma de ego\u00edsmo, insolidaridad e injusticia moral. Como dec\u00eda Bono, todo el que quiere comer aparte es porque quiere comer m\u00e1s que los dem\u00e1s. Todos deber\u00edamos procurar convivir en esta peque\u00f1a, min\u00fascula, isla, que no es Mallorca ni ninguna otra balear, sino la tierra, el mundo, aunque algunos no sean capaces de ver m\u00e1s all\u00e1 de su barrio.<\/p>\n<p>Chove, junio de 2018<\/p>\n","protected":false},"excerpt":{"rendered":"<p>El catal\u00e1n como requisito oficial para optar a un trabajo La informaci\u00f3n que os adjunto sobre la exigencia del catal\u00e1n para ser admitido en la bolsa de trabajo en Baleares me ha motivado a realizar el siguiente comentario: La proliferaci\u00f3n de esta clase de requisitos por las distintas comunidades aut\u00f3nomas espa\u00f1olas me parece un aut\u00e9ntico [&hellip;]<\/p>\n","protected":false},"author":2,"featured_media":0,"comment_status":"open","ping_status":"open","sticky":false,"template":"","format":"standard","meta":{"footnotes":""},"categories":[1],"tags":[],"class_list":["post-740","post","type-post","status-publish","format-standard","hentry","category-sin-categoria"],"_links":{"self":[{"href":"https:\/\/chove.hol.es\/web\/index.php?rest_route=\/wp\/v2\/posts\/740","targetHints":{"allow":["GET"]}}],"collection":[{"href":"https:\/\/chove.hol.es\/web\/index.php?rest_route=\/wp\/v2\/posts"}],"about":[{"href":"https:\/\/chove.hol.es\/web\/index.php?rest_route=\/wp\/v2\/types\/post"}],"author":[{"embeddable":true,"href":"https:\/\/chove.hol.es\/web\/index.php?rest_route=\/wp\/v2\/users\/2"}],"replies":[{"embeddable":true,"href":"https:\/\/chove.hol.es\/web\/index.php?rest_route=%2Fwp%2Fv2%2Fcomments&post=740"}],"version-history":[{"count":1,"href":"https:\/\/chove.hol.es\/web\/index.php?rest_route=\/wp\/v2\/posts\/740\/revisions"}],"predecessor-version":[{"id":741,"href":"https:\/\/chove.hol.es\/web\/index.php?rest_route=\/wp\/v2\/posts\/740\/revisions\/741"}],"wp:attachment":[{"href":"https:\/\/chove.hol.es\/web\/index.php?rest_route=%2Fwp%2Fv2%2Fmedia&parent=740"}],"wp:term":[{"taxonomy":"category","embeddable":true,"href":"https:\/\/chove.hol.es\/web\/index.php?rest_route=%2Fwp%2Fv2%2Fcategories&post=740"},{"taxonomy":"post_tag","embeddable":true,"href":"https:\/\/chove.hol.es\/web\/index.php?rest_route=%2Fwp%2Fv2%2Ftags&post=740"}],"curies":[{"name":"wp","href":"https:\/\/api.w.org\/{rel}","templated":true}]}}