{"id":746,"date":"2018-09-29T12:57:58","date_gmt":"2018-09-29T12:57:58","guid":{"rendered":"http:\/\/chove.hol.es\/web\/?p=746"},"modified":"2018-09-29T12:57:58","modified_gmt":"2018-09-29T12:57:58","slug":"la-ley-soy-yo","status":"publish","type":"post","link":"https:\/\/chove.hol.es\/web\/?p=746","title":{"rendered":"La ley soy yo"},"content":{"rendered":"<p><strong>La ley soy yo <\/strong><\/p>\n<p>Si yo fuera catal\u00e1n, independentista o no, estar\u00eda muy preocupado, como imagino que deber\u00e1n estarlo muchos de aquellos ciudadanos. Y no me preocupar\u00eda solo la incertidumbre de lo que deparar\u00e1 el futuro, sino mucho m\u00e1s por los personajes en cuyas manos recaer\u00eda la salvaguarda de mis derechos y libertades, en el caso de lograr la secesi\u00f3n. O no es para asustarse, aterrarse dir\u00eda yo, pensar que los principales dirigentes del territorio catal\u00e1n creen que pueden dar instrucciones a los jueces para que la justicia que se me pudiera aplicar, en caso de necesidad, dependiera de su voluntad, de los dirigentes, de si a ellos les parece bien o mal, sin importarles lo que diga el ordenamiento jur\u00eddico: \u201c<em>Torra no acatar\u00e1 la sentencia. No descarta abrir las c\u00e1rceles si hay condenas por el proc\u00e9s\u201d; \u201cTard\u00e0 ha reclamado a S\u00e1nchez que inste a la\u00a0Fiscal\u00eda General del Estado a retirar la acusaci\u00f3n de rebeli\u00f3n\u201d; \u201cel vicepresidente primero\u00a0del Parlament, Josep Costa,\u00a0amenaza a la Fiscal\u00eda con consecuencias si se mantiene la acusaci\u00f3n de rebeli\u00f3n\u201d; \u201cERC\u00a0amenaza\u00a0a Pedro S\u00e1nchez con no pactar los presupuestos si no se retira la acusaci\u00f3n de rebeli\u00f3n a\u00a0los presos pol\u00edticos\u201d.<\/em><\/p>\n<p>Esta es la concepci\u00f3n bananera que tienen estos individuos de la justicia y por eso no les importa ni averg\u00fcenza hacer p\u00fablico sus exigencias. Estos pol\u00edticos d\u00e9spotas est\u00e1n convencidos de que su voluntad y decisi\u00f3n est\u00e1n por encima de la Ley y la Justicia; no hay delito en sus fechor\u00edas, y si lo hay no merecen castigo alguno.<\/p>\n<p>\u00bfNo es para asustarse? Pero lo que m\u00e1s me preocupa es que lo que a m\u00ed me aterra al Gobierno socialista no le parece tan mal, pues ante tal tropel\u00eda de los dirigente catalanes responde en la misma sinton\u00eda: \u201c<em>la\u00a0vicepresidenta del Gobierno, Carmen Calvo, considera que si el juicio a los l\u00edderes independentistas se retrasa mucho no ser\u00eda l\u00f3gico alargar la prisi\u00f3n preventiva\u00bb, \u201cse lo podr\u00eda plantear el juez<\/em>, <em>ser\u00eda razonable<\/em>\u201d;<em> \u201cla delegada del Gobierno en Catalu\u00f1a, Teresa Cunillera, ha afirmado este s\u00e1bado que es partidaria de conceder\u00a0un indulto\u00a0a los\u00a0dirigentes juzgados por el\u00a0Tribunal Supremo, en el caso de condena por sentencia firme\u201d;<\/em> \u201c<em>S\u00e1nchez\u00a0ha se\u00f1alado que la reflexi\u00f3n de Cunillera, y que \u00e9l comparte, es que en la pol\u00edtica espa\u00f1ola y sobre todo cuando se habla de Catalu\u00f1a falta empat\u00eda\u00bb; \u201cel ministro \u00c1balo: unas declaraciones de humanidad de la delegada del Gobierno en Catalu\u00f1a\u201d.<\/em><\/p>\n<p>De un a\u00f1o a esta parte el PSOE justificaba la c\u00e1rcel de estos pol\u00edticos por las actuaciones delictivas de estos, su desobediencia a los requerimientos de los tribunales y la ley y en la independencia de la justicia. \u00bfQu\u00e9 ha cambiado desde entonces para que piensen y act\u00faen de forma diferente? \u00bfY por qu\u00e9 no se deja a los jueces que hagan su trabajo con absoluta libertad, que no es otro que el de interpretar y aplicar el ordenamiento jur\u00eddico acordado por los propios pol\u00edticos?<\/p>\n<p>La ley soy yo, el Estado soy yo, parece ser que dijo Luis XIV (el rey Sol), el que posteriormente acarre\u00f3 a su descendencia a la guillotina.<\/p>\n<p>&nbsp;<\/p>\n<p>Chove, septiembre de 2018<\/p>\n","protected":false},"excerpt":{"rendered":"<p>La ley soy yo Si yo fuera catal\u00e1n, independentista o no, estar\u00eda muy preocupado, como imagino que deber\u00e1n estarlo muchos de aquellos ciudadanos. Y no me preocupar\u00eda solo la incertidumbre de lo que deparar\u00e1 el futuro, sino mucho m\u00e1s por los personajes en cuyas manos recaer\u00eda la salvaguarda de mis derechos y libertades, en el [&hellip;]<\/p>\n","protected":false},"author":2,"featured_media":0,"comment_status":"open","ping_status":"open","sticky":false,"template":"","format":"standard","meta":{"footnotes":""},"categories":[1],"tags":[],"class_list":["post-746","post","type-post","status-publish","format-standard","hentry","category-sin-categoria"],"_links":{"self":[{"href":"https:\/\/chove.hol.es\/web\/index.php?rest_route=\/wp\/v2\/posts\/746","targetHints":{"allow":["GET"]}}],"collection":[{"href":"https:\/\/chove.hol.es\/web\/index.php?rest_route=\/wp\/v2\/posts"}],"about":[{"href":"https:\/\/chove.hol.es\/web\/index.php?rest_route=\/wp\/v2\/types\/post"}],"author":[{"embeddable":true,"href":"https:\/\/chove.hol.es\/web\/index.php?rest_route=\/wp\/v2\/users\/2"}],"replies":[{"embeddable":true,"href":"https:\/\/chove.hol.es\/web\/index.php?rest_route=%2Fwp%2Fv2%2Fcomments&post=746"}],"version-history":[{"count":1,"href":"https:\/\/chove.hol.es\/web\/index.php?rest_route=\/wp\/v2\/posts\/746\/revisions"}],"predecessor-version":[{"id":747,"href":"https:\/\/chove.hol.es\/web\/index.php?rest_route=\/wp\/v2\/posts\/746\/revisions\/747"}],"wp:attachment":[{"href":"https:\/\/chove.hol.es\/web\/index.php?rest_route=%2Fwp%2Fv2%2Fmedia&parent=746"}],"wp:term":[{"taxonomy":"category","embeddable":true,"href":"https:\/\/chove.hol.es\/web\/index.php?rest_route=%2Fwp%2Fv2%2Fcategories&post=746"},{"taxonomy":"post_tag","embeddable":true,"href":"https:\/\/chove.hol.es\/web\/index.php?rest_route=%2Fwp%2Fv2%2Ftags&post=746"}],"curies":[{"name":"wp","href":"https:\/\/api.w.org\/{rel}","templated":true}]}}