{"id":775,"date":"2019-02-11T13:28:21","date_gmt":"2019-02-11T13:28:21","guid":{"rendered":"http:\/\/chove.hol.es\/web\/?p=775"},"modified":"2019-02-11T13:28:21","modified_gmt":"2019-02-11T13:28:21","slug":"que-pretende-pedro-sanchez","status":"publish","type":"post","link":"https:\/\/chove.hol.es\/web\/?p=775","title":{"rendered":"Qu\u00e9 pretende Pedro S\u00e1nchez"},"content":{"rendered":"<p><strong>Qu\u00e9 pretende Pedro S\u00e1nchez<\/strong><\/p>\n<p>El otro d\u00eda, en una entrevista, Alfonso Guerra hizo alusi\u00f3n a las negociaciones del gobierno con los independentistas. Ante este comentario, el periodista le dijo que el gobierno negaba tales negociaciones, y Guerra concluy\u00f3 preguntando con sorna \u00bfy usted se lo cree?<\/p>\n<p>No creo que haya en Espa\u00f1a nadie que tenga el menor atisbo de duda de que S\u00e1nchez est\u00e1 negociando y pagando la ayuda recibida del separatismo a su investidura como presidente y a la colaboraci\u00f3n que espera recibir para la aprobaci\u00f3n de los presupuestos, y poder con ello continuar un tiempo m\u00e1s en el poder.<\/p>\n<p>Repasando su comportamiento con el secesionismo desde su toma de posesi\u00f3n cuesta creer que todo se haga por solucionar el problema territorial en Catalu\u00f1a. Aunque todo se pretenda justificar como pol\u00edtica de gestos, mano tendida, di\u00e1logo, etc. resulta dif\u00edcil ver la validez de su estrategia. Veamos:<\/p>\n<p>*En el primer Consejo de Ministros se acuerda dejar de controlar las cuentas de la Generalitat, concretamente se suprime la supervisi\u00f3n y autorizaci\u00f3n de los pagos de la administraci\u00f3n catalana. Ya pudo el Gobierno Catal\u00e1n volver a manejar el dinero a su antojo: subvencionar asociaciones, contratar campa\u00f1as publicitarias, financiar nuevas embajadas, etc.<\/p>\n<p>*En el verano se autoriza el traslado de los presos a las c\u00e1rceles de Catalu\u00f1a; los que violaron la Constituci\u00f3n y declararon la independencia. Desde entonces vienen utilizando privilegiadamente aquellas instalaciones, convirti\u00e9ndolas en salas y despachos de gesti\u00f3n pol\u00edtica permanente.<\/p>\n<p>*Como vergonzoso e injusto se podr\u00eda calificar el comportamiento del Ministerio de Justicia ante la demanda interpuesta por Puigdemont al juez Llarena en los juzgados de B\u00e9lgica. Una demanda en represalia por aplicarle la legislaci\u00f3n espa\u00f1ola a sus tropel\u00edas e intento de golpe de estado. Se le dej\u00f3 solo al juez, \u201ccomo un ciudadano m\u00e1s\u201d, seg\u00fan la ministra.<\/p>\n<p>*Se vuelven a poner en funcionamiento todas las embajadas catalanas clausuradas en el exterior y se act\u00faa con tibieza y tolerancia ante la creaci\u00f3n de otras nuevas, abiertas sin los informes preceptivos. Todo ello, a pesar del estrecho seguimiento del ministro Borrell, que ha exigido m\u00e1s control y ha alertado al presidente de que est\u00e1n siendo utilizadas para volver a lanzar una campa\u00f1a de descr\u00e9dito de Espa\u00f1a y de captaci\u00f3n de apoyos internacionales al separatismo.<\/p>\n<p>*Tibieza, tolerancia y comprensi\u00f3n ante la pol\u00edtica nazi de lazos amarillos, mediante la cual se ocupaban los espacios p\u00fablicos adue\u00f1\u00e1ndose de los mismos los separatistas, al tiempo que se discriminaba y se\u00f1alaba objetivamente a los ciudadanos que no pensaban como ellos. Como la estrella de David con el fondo amarillo que inventaron los nazis para identificar a los jud\u00edos, pero, al contrario, para identificar a los que no llevaban el lazo amarillo.<\/p>\n<p>*Se contin\u00faa con el adoctrinamiento en las aulas y a la sociedad en general catalana como medio de formar independentistas a medio y largo plazo, sin que se sepa de actuaciones de control, freno o reacci\u00f3n por parte del Gobierno espa\u00f1ol.<\/p>\n<p>*Se contin\u00faa con el ya hist\u00f3rico control de los medios de comunicaci\u00f3n catalanes (junto a la escuela, las dos principales f\u00e1bricas de separatistas), que est\u00e1n siendo comprados o subvencionados por el Gobierno de la Generalitat para, seg\u00fan rezaba en el Programa 2000 de Pujol, \u201clograr que los medios de comunicaci\u00f3n p\u00fablicos dependientes de la Generalitat sigan siendo unos transmisores eficaces del modelo nacional catal\u00e1n\u201d. Y el Gobierno espa\u00f1ol mirando para otra parte.<\/p>\n<p>*El Gobierno incorpor\u00f3 a Consuelo Castro como nueva abogada general del Estado, y esta ha destituido a Edmundo Bal, jefe del departamento de penal, todo ello para cambiar la acusaci\u00f3n a los responsables del proc\u00e9s del delito de rebeli\u00f3n por el de sedici\u00f3n, con la finalidad de suavizar las futuras penas tras el juicio y como se\u00f1al de buena voluntad para conseguir el respaldo independentista a los presupuestos.<\/p>\n<p>*Por si fueran insuficientes estos gestos y muestras de simpat\u00eda, varios ministros y la delegada del Gobierno en Catalu\u00f1a, Teresa Cunillera, se han declarado partidarios de un indulto a los pol\u00edticos catalanes presos, cuando a\u00fan no se ha iniciado el juicio a los mismos, interfiri\u00e9ndose descaradamente a su favor ante el proceso judicial.<\/p>\n<p>*En l\u00ednea con lo anterior, varios ministros del Ejecutivo central, incluido el propio presidente, han venido mandando sugestivos mensajes a los magistrados sobre la conveniencia de terminar con la prisi\u00f3n preventiva del exvicepresidente de la Generalitat, Oriol Junqueras, y el resto de exmiembros del Govern encarcelados.<\/p>\n<p>*El Gobierno de Espa\u00f1a accede a la petici\u00f3n de la Generalitat de celebrar una \u201ccumbre entre gobiernos\u201d en Barcelona, una reuni\u00f3n de Estado a Estado, donde le ofrece la inclusi\u00f3n en los presupuestos de inversiones millonarias en Catalu\u00f1a, se compromete a crear una mesa de di\u00e1logo a dos bandas para tratar la recuperaci\u00f3n de partes del Estatuto anuladas por el Constitucional, as\u00ed como otras medidas difusas sobre consulta en refer\u00e9ndum a los catalanes sobre autogobierno. En esta cumbre de diciembre, Torra le responde con un documento de veinti\u00fan puntos que el gobierno no se ha atrevido a dar a conocer hasta febrero.<\/p>\n<p>*Y finalmente, S\u00e1nchez accede a la exigencia de un mediador-relator en las ya claras negociaciones entre los dos Gobiernos (pues en un di\u00e1logo o una conversaci\u00f3n no se precisa de ning\u00fan intermediario). Con ello el secesionismo humilla al Gobierno y a Espa\u00f1a, pretendiendo mostrarse de t\u00fa a t\u00fa, entre Estados, y considerando a Espa\u00f1a como un pa\u00eds bananero, con un Gobierno sin palabra y del que no se pueden fiar, y que para sentarse a hablar con ellos se precisa de la supervisi\u00f3n y mediaci\u00f3n internacional.<\/p>\n<p>&nbsp;<\/p>\n<p>\u00bfQu\u00e9 pretende S\u00e1nchez, pues, con este tipo de pol\u00edticas, la rehabilitaci\u00f3n independentista o su permanencia en el poder? \u00bfDe verdad cree que reconducir\u00e1 la actitud secesionista? \u00bfNo est\u00e1 viendo que todas sus concesiones se utilizan como rearme? \u00bfNo se ha dado cuenta todav\u00eda de que es imposible el entendimiento con individuos que est\u00e1n programados mentalmente para no entender otra cosa que no sea la independencia?<\/p>\n<p>\u00bfC\u00f3mo van a hablar de Espa\u00f1a si a ellos Espa\u00f1a les importa un pimiento?<\/p>\n<p>&nbsp;<\/p>\n<p>Chove, febrero de 2019<\/p>\n","protected":false},"excerpt":{"rendered":"<p>Qu\u00e9 pretende Pedro S\u00e1nchez El otro d\u00eda, en una entrevista, Alfonso Guerra hizo alusi\u00f3n a las negociaciones del gobierno con los independentistas. Ante este comentario, el periodista le dijo que el gobierno negaba tales negociaciones, y Guerra concluy\u00f3 preguntando con sorna \u00bfy usted se lo cree? No creo que haya en Espa\u00f1a nadie que tenga [&hellip;]<\/p>\n","protected":false},"author":2,"featured_media":0,"comment_status":"open","ping_status":"open","sticky":false,"template":"","format":"standard","meta":{"footnotes":""},"categories":[1],"tags":[],"class_list":["post-775","post","type-post","status-publish","format-standard","hentry","category-sin-categoria"],"_links":{"self":[{"href":"https:\/\/chove.hol.es\/web\/index.php?rest_route=\/wp\/v2\/posts\/775","targetHints":{"allow":["GET"]}}],"collection":[{"href":"https:\/\/chove.hol.es\/web\/index.php?rest_route=\/wp\/v2\/posts"}],"about":[{"href":"https:\/\/chove.hol.es\/web\/index.php?rest_route=\/wp\/v2\/types\/post"}],"author":[{"embeddable":true,"href":"https:\/\/chove.hol.es\/web\/index.php?rest_route=\/wp\/v2\/users\/2"}],"replies":[{"embeddable":true,"href":"https:\/\/chove.hol.es\/web\/index.php?rest_route=%2Fwp%2Fv2%2Fcomments&post=775"}],"version-history":[{"count":1,"href":"https:\/\/chove.hol.es\/web\/index.php?rest_route=\/wp\/v2\/posts\/775\/revisions"}],"predecessor-version":[{"id":776,"href":"https:\/\/chove.hol.es\/web\/index.php?rest_route=\/wp\/v2\/posts\/775\/revisions\/776"}],"wp:attachment":[{"href":"https:\/\/chove.hol.es\/web\/index.php?rest_route=%2Fwp%2Fv2%2Fmedia&parent=775"}],"wp:term":[{"taxonomy":"category","embeddable":true,"href":"https:\/\/chove.hol.es\/web\/index.php?rest_route=%2Fwp%2Fv2%2Fcategories&post=775"},{"taxonomy":"post_tag","embeddable":true,"href":"https:\/\/chove.hol.es\/web\/index.php?rest_route=%2Fwp%2Fv2%2Ftags&post=775"}],"curies":[{"name":"wp","href":"https:\/\/api.w.org\/{rel}","templated":true}]}}