{"id":810,"date":"2020-09-23T13:10:44","date_gmt":"2020-09-23T13:10:44","guid":{"rendered":"http:\/\/chove.hol.es\/web\/?p=810"},"modified":"2020-09-23T13:10:44","modified_gmt":"2020-09-23T13:10:44","slug":"antonio-dominguez-dominguin","status":"publish","type":"post","link":"https:\/\/chove.hol.es\/web\/?p=810","title":{"rendered":"Antonio Dom\u00ednguez, \u201cDomingu\u00edn\u201d"},"content":{"rendered":"<p><strong>Antonio Dom\u00ednguez, \u201cDomingu\u00edn\u201d<\/strong><\/p>\n<p><strong>\u00a0<\/strong><\/p>\n<p><a href=\"http:\/\/chove.hol.es\/web\/wp-content\/uploads\/2020\/09\/Dom\u00ednguez.png\"><img loading=\"lazy\" decoding=\"async\" class=\"aligncenter size-full wp-image-812\" src=\"http:\/\/chove.hol.es\/web\/wp-content\/uploads\/2020\/09\/Dom\u00ednguez.png\" alt=\"Dom\u00ednguez\" width=\"796\" height=\"350\" srcset=\"https:\/\/chove.hol.es\/web\/wp-content\/uploads\/2020\/09\/Dom\u00ednguez.png 796w, https:\/\/chove.hol.es\/web\/wp-content\/uploads\/2020\/09\/Dom\u00ednguez-300x131.png 300w\" sizes=\"auto, (max-width: 796px) 100vw, 796px\" \/><\/a><\/p>\n<p>&nbsp;<\/p>\n<p>He recibido unas fotograf\u00edas de Antonio Dom\u00ednguez (\u201cDomingu\u00edn el de la Alsina Graells\u201d para los montefrie\u00f1os, porque era peque\u00f1ito de estatura; \u201cEl Follar\u00edn del Orinoco\u201d para los compa\u00f1eros de UGT, porque seg\u00fan estos follaba bien, pero follaba poco). Me la ha enviado mi \u201chermano\u201d pol\u00edtico y del coraz\u00f3n Manolo Ruiz, que est\u00e1 clasificando y ordenando su gran archivo fotogr\u00e1fico; un valioso documento hist\u00f3rico-cultural y antropol\u00f3gico.<\/p>\n<p>\u201cHermano\u201d es el t\u00e9rmino que emplean los miembros de cofrad\u00edas, hermandades, San Juan de Dios, etc., y tambi\u00e9n podr\u00eda emplearse entre los compa\u00f1eros del PSOE hist\u00f3ricos, pues su familiaridad, integraci\u00f3n y altruismo se lo permitir\u00eda (actualmente, el t\u00e9rmino m\u00e1s apropiado ser\u00eda el de \u201csocio\u201d).<\/p>\n<p>Al abrirse ante m\u00ed las im\u00e1genes referidas anteriormente han desencadenado pensamientos y emociones provocados por el recuerdo de vivencias pasadas, cuyos engramas quedaron profundamente grabados en mi memoria.<\/p>\n<p>&nbsp;<\/p>\n<p>Coincid\u00ed con Dom\u00ednguez en la pol\u00edtica y el sindicalismo y fui conoci\u00e9ndolo y disfrutando de su compa\u00f1\u00eda en muchas experiencias y an\u00e9cdotas, afianz\u00e1ndome en la concepci\u00f3n de su bondad e integridad como persona. Convivimos en celebraciones, comidas y visitas a su pueblo, C\u00e1\u00f1ar, un balc\u00f3n alpujarre\u00f1o maravilloso con una fuente preciosa de abundante gua en la plaza y una iglesia con torre y retablo sobresalientes. Lo acompa\u00f1\u00e9 en jornadas de pesca junto a Juan Chica en el entorno natural de los r\u00edos Trev\u00e9lez y Chico, donde yo participaba como observante. Practicamos grandes rutas de senderismo por las estribaciones de Sierra Nevada y coincidimos en muchas manifestaciones y reuniones pol\u00edticas y sindicales, etc.<\/p>\n<p>Recuerdo con gran satisfacci\u00f3n la jornada de caza de descaste del jabal\u00ed celebrada en el t\u00e9rmino municipal de C\u00e1\u00f1ar, a la que fuimos invitados por \u00e9l los colegas de siempre. Llegamos al pueblo el d\u00eda anterior por la tarde, pues la jornada comenzaba de madrugada. Hac\u00eda un tiempo de perros, de los que a m\u00ed me gustaban, fuerte viento y nevando copiosamente, pero nosotros estuvimos a buen recaudo bajo el calor de la lumbre de palos de la magn\u00edfica chimenea del \u00fanico bar del pueblo, el \u201cPikiniqui\u201d (Pikiniqui era un buen compa\u00f1ero socialista que fue alcalde del pueblo, y all\u00ed nos encontr\u00e1bamos nosotros como en nuestra casa). Saboreamos las exquisitas tapas especialidad de la casa, el jam\u00f3n alpujarre\u00f1o y el vino de la tierra, con sus respectivas copas de final. Disfrutamos de una velada maravillosa charlando, comiendo y bebiendo. Ya de madrugada, cuando faltaba poco para iniciar la jornada de caza, nos fuimos a dormir a su casa y, aunque la cama ten\u00eda buenos cobertores, yo me acost\u00e9 vestido para no pasar fr\u00edo. Nevaba fuerte y corr\u00eda un viento que no nos dejaba caminar. A las pocas horas nos levantamos y nos incorporamos a la batida, en la que nosotros particip\u00e1bamos de observadores. Nos trasladaron en coches todoterreno por los caminos nevados a los puestos de control, donde contempl\u00e1bamos unos paisajes espectaculares (para nosotros, la cacer\u00eda era lo de menos). Dom\u00ednguez, que hab\u00eda sufrido dos infartos, se mov\u00eda por aquellas laderas empinadas con la agilidad de los canes que participaban en la batida, como lo hac\u00eda en los tiempos de su ni\u00f1ez guardando las cabras. Vivimos una experiencia de convivencia entre amigos y compa\u00f1eros inolvidable.<\/p>\n<p>Pero la an\u00e9cdota m\u00e1s admirable que recuerdo de \u00e9l tuvo lugar muchos a\u00f1os antes, cuando yo era un joven estudiante que apenas lo conoc\u00eda; en los tiempos en los que iba de cobrador en la Alsina Graells a Montefr\u00edo. All\u00ed era conocido y apreciado por muchos montefrie\u00f1os y un gran amigo de mi padre, con el que beb\u00eda vino todas las noches.<\/p>\n<p>Creo que fue en 1971, cuando vine a estudiar el bachillerato superior a Granada como interno en la Academia \u201cFides\u201d, de la calle \u00c1ngel Barrios. Mi padre sol\u00eda encargarme la compra de algunos art\u00edculos que necesitaba para su negocio cuando no pod\u00eda adquirirlos en el pueblo, y yo se los llevaba en mis visitas peri\u00f3dicas (esta era otra forma de presionarme para volver a Montefr\u00edo frecuentemente, hecho que, a veces, se retrasaba). Las comunicaciones, las visitas de proveedores y viajantes se dilataban en el tiempo por aquellos a\u00f1os, y la reposici\u00f3n de provisiones para los comercios, a veces, tardaban d\u00edas y semanas, ocasi\u00f3n que era aprovechada por mi padre para incrementar sus ventas. En esta ocasi\u00f3n, me llam\u00f3 por tel\u00e9fono porque se le hab\u00edan terminado los \u201ccuarterones\u201d y las \u201cpastillas duras\u201d, y le<\/p>\n<p>urg\u00eda su adquisici\u00f3n, ya que se hab\u00edan terminado tambi\u00e9n en los estancos de Montefr\u00edo; era una oportunidad estupenda para la venta abundante de estos art\u00edculos. Los cuarterones y las pastillas eran unos envases de papel para tabaco a granel muy utilizados por la gente de campo, pues, al ser estos m\u00e1s grandes que las cajetillas de cigarrillos, el cliente estaba abastecido para m\u00e1s tiempo, y era tambi\u00e9n m\u00e1s rentable; con un cuarter\u00f3n, un librito de papel de fumar y el mechero de yesca el cortijero estaba abastecido para varios d\u00edas o semanas. Los usuarios de estos eran expertos en liar los cigarrillos y lo hac\u00edan con naturalidad en cualquier lugar. Los j\u00f3venes lo hacen hoy por esnobismo, pero antiguamente se hac\u00eda por necesidad.<\/p>\n<p>Pues bien, mi padre me encarg\u00f3 que le comprase en Granada una buena cantidad de cuarterones y pastillas (no recuerdo el n\u00famero), pero como sab\u00eda que no dispon\u00eda de dinero suficiente para este importante gasto inesperado, me dijo que fuese a casa de \u201cDomingu\u00edn\u201d, que viv\u00eda en la Redonda, para que me lo proporcionara. Y all\u00e1 que me present\u00e9 yo en su piso (recuerdo que me recibi\u00f3 su esposa) pidi\u00e9ndole esa importante cantidad de dinero. No lo pens\u00f3 ni dud\u00f3 un instante, parece que lo estoy viendo ahora delante de m\u00ed. tan solo me dijo, \u00bfes que tu papa sab\u00eda que hab\u00eda cobrado la n\u00f3mina hoy, porque si no c\u00f3mo iba yo a tener esta cantidad de dinero en mi casa? Y me dio billete sobre billete sin documento ni papel firmado como garant\u00eda alguna.<\/p>\n<p>Aquel gesto de disposici\u00f3n y confianza fue realmente valorado por m\u00ed mucho despu\u00e9s; con el tiempo comprend\u00ed el significado de lo que hab\u00eda hecho aquel hombre por mi padre, porque era a mi padre al que realmente serv\u00eda, ya que a m\u00ed apenas me conoc\u00eda. Y mi simpat\u00eda y afecto hacia \u00e9l evolucionaron a la par de esa comprensi\u00f3n.<\/p>\n<p>Gracias, querido amigo y compa\u00f1ero Manolo por estimular mi memoria y hacerme recordar aquellas vivencias tan entra\u00f1ables. Que sirvan tambi\u00e9n estos p\u00e1rrafos como agradecimiento y reconocimiento p\u00f3stumo a nuestro peque\u00f1o gran hombre Antonio Dom\u00ednguez.<\/p>\n<p>&nbsp;<\/p>\n<p>Chove, Granada, septiembre de 2020<\/p>\n","protected":false},"excerpt":{"rendered":"<p>Antonio Dom\u00ednguez, \u201cDomingu\u00edn\u201d \u00a0 &nbsp; He recibido unas fotograf\u00edas de Antonio Dom\u00ednguez (\u201cDomingu\u00edn el de la Alsina Graells\u201d para los montefrie\u00f1os, porque era peque\u00f1ito de estatura; \u201cEl Follar\u00edn del Orinoco\u201d para los compa\u00f1eros de UGT, porque seg\u00fan estos follaba bien, pero follaba poco). Me la ha enviado mi \u201chermano\u201d pol\u00edtico y del coraz\u00f3n Manolo Ruiz, [&hellip;]<\/p>\n","protected":false},"author":2,"featured_media":0,"comment_status":"open","ping_status":"open","sticky":false,"template":"","format":"standard","meta":{"footnotes":""},"categories":[1],"tags":[],"class_list":["post-810","post","type-post","status-publish","format-standard","hentry","category-sin-categoria"],"_links":{"self":[{"href":"https:\/\/chove.hol.es\/web\/index.php?rest_route=\/wp\/v2\/posts\/810","targetHints":{"allow":["GET"]}}],"collection":[{"href":"https:\/\/chove.hol.es\/web\/index.php?rest_route=\/wp\/v2\/posts"}],"about":[{"href":"https:\/\/chove.hol.es\/web\/index.php?rest_route=\/wp\/v2\/types\/post"}],"author":[{"embeddable":true,"href":"https:\/\/chove.hol.es\/web\/index.php?rest_route=\/wp\/v2\/users\/2"}],"replies":[{"embeddable":true,"href":"https:\/\/chove.hol.es\/web\/index.php?rest_route=%2Fwp%2Fv2%2Fcomments&post=810"}],"version-history":[{"count":1,"href":"https:\/\/chove.hol.es\/web\/index.php?rest_route=\/wp\/v2\/posts\/810\/revisions"}],"predecessor-version":[{"id":817,"href":"https:\/\/chove.hol.es\/web\/index.php?rest_route=\/wp\/v2\/posts\/810\/revisions\/817"}],"wp:attachment":[{"href":"https:\/\/chove.hol.es\/web\/index.php?rest_route=%2Fwp%2Fv2%2Fmedia&parent=810"}],"wp:term":[{"taxonomy":"category","embeddable":true,"href":"https:\/\/chove.hol.es\/web\/index.php?rest_route=%2Fwp%2Fv2%2Fcategories&post=810"},{"taxonomy":"post_tag","embeddable":true,"href":"https:\/\/chove.hol.es\/web\/index.php?rest_route=%2Fwp%2Fv2%2Ftags&post=810"}],"curies":[{"name":"wp","href":"https:\/\/api.w.org\/{rel}","templated":true}]}}