{"id":870,"date":"2020-11-24T13:06:51","date_gmt":"2020-11-24T13:06:51","guid":{"rendered":"http:\/\/chove.hol.es\/web\/?p=870"},"modified":"2020-11-24T13:06:51","modified_gmt":"2020-11-24T13:06:51","slug":"la-nueva-ley-de-educacion-ley-celaa","status":"publish","type":"post","link":"https:\/\/chove.hol.es\/web\/?p=870","title":{"rendered":"La nueva Ley de Educaci\u00f3n: \u201cLey Cela\u00e1\u201d"},"content":{"rendered":"<p><strong>La nueva Ley de Educaci\u00f3n: \u201cLey Cela\u00e1\u201d<\/strong><\/p>\n<p>Yo he firmado el \u201cManifiesto en defensa del espa\u00f1ol en Catalu\u00f1a\u201d promovido por el hist\u00f3rico socialista, Zen\u00f3n Jim\u00e9nez Ridruejo, y por el actual dirigente del PSOE, Antonio Miguel Carmona, porque comparto su contenido.<\/p>\n<p>Pero vayamos al punto clave donde se ha centrado la atenci\u00f3n del debate: \u201cel car\u00e1cter vehicular de la lengua\u201d.<\/p>\n<p>El concepto \u201cvehicular\u201d, que aparec\u00eda en la hasta ayer Ley de Educaci\u00f3n (Ley Org\u00e1nica 8\/2013, \u00abley Wert\u00bb) ha desaparecido en la nueva \u201cLey Cela\u00e1\u201d aprobada el pasado jueves 19 de noviembre en el Congreso.<\/p>\n<p>\u201c<strong>El castellano es lengua vehicular de la ense\u00f1anza en todo el Estado <\/strong><strong>y las lenguas cooficiales lo son tambi\u00e9n en las respectivas Comunidades Aut\u00f3nomas\u2026\u201d<\/strong> dec\u00eda en la Disposici\u00f3n adicional trig\u00e9sima octava.<\/p>\n<p>Vehicular en ling\u00fc\u00edstica se aplica a la lengua que se utiliza como medio de relaci\u00f3n en una determinada comunidad o en una actividad concreta; seg\u00fan explica la Real Academia Espa\u00f1ola, la lengua vehicular es el idioma que emplean los miembros de una comunidad educativa en sus relaciones cuando existen diferentes lenguas maternas entre sus miembros.<\/p>\n<p>\u00bfY por qu\u00e9 se ha suprimido ese concepto que <strong>garantiza la libertad e igualdad<\/strong> entre todos los ciudadanos de Espa\u00f1a?, \u00bfqui\u00e9n lo ha propuesto?<\/p>\n<p>Lo ha propuesto ERC (Esquerra Republicana de Catalu\u00f1a) a sugerencia de La \u00abPlataforma per la llengua\u00bb, ese grupo independentista de comisarios ling\u00fc\u00edsticos voluntarios que se dedica a delatar a quienes no rotulan sus comercios en catal\u00e1n, espiar el idioma que utilizan los ni\u00f1os en el recreo, etc.<\/p>\n<p>En su argumentaci\u00f3n, dice la ministra Cela\u00e1 que \u201cla aparici\u00f3n o desaparici\u00f3n de esta referencia no va a cambiar nada en cuanto al uso del castellano en la ense\u00f1anza\u201d. Entonces, \u00bfpor qu\u00e9 lo suprimen, si no cambia nada, provocando, adem\u00e1s, este rechazo social tan fuerte? Una argumentaci\u00f3n absurda.<\/p>\n<p>Aduce tambi\u00e9n la ministra que \u201c\u2026el castellano no fue lengua vehicular hasta 2013 (con la \u00abley Wert\u00bb): ser\u00e1 porque no era necesario\u00bb.<\/p>\n<p>No era necesario hasta 2009, porque la se\u00f1ora Cela\u00e1 sabe que el concepto \u201cvehicular\u201d aparece por primera vez en la Ley de Educaci\u00f3n de Catalu\u00f1a de 10 de julio de 2009, cuatro a\u00f1os antes.<\/p>\n<p><strong>Art\u00edculo 11. El catal\u00e1n, lengua vehicular y de aprendizaje.<\/strong><\/p>\n<ol>\n<li><strong>El catal\u00e1n, como lengua propia de Catalu\u00f1a, es la lengua normalmente utilizada como lengua vehicular y de aprendizaje del sistema educativo.<\/strong><\/li>\n<\/ol>\n<p>Incluso en la Rep\u00fablica de 1931 ya aparece el car\u00e1cter del espa\u00f1ol como instrumento, medio (vehicular) en el Art\u00edculo 50: \u2026Es obligatorio el estudio de la lengua castellana, y esta se usar\u00e1 tambi\u00e9n como <strong>instrumento de ense\u00f1anza en todos los centros<\/strong> de instrucci\u00f3n primaria y secundaria de las regiones aut\u00f3nomas\u2026<\/p>\n<p>A mi entender, en las anteriores preguntas de Por qu\u00e9 y Qui\u00e9n est\u00e1 la clave del asunto. A partir de la Ley de Educaci\u00f3n catalana de 2009, con la aparici\u00f3n por primera vez del concepto vehicular, en los centros educativos de Catalu\u00f1a se impuso el catal\u00e1n como lengua \u00fanica para todo y todos, y se utiliz\u00f3 como instrumento de proselitismo y adoctrinamiento de la sociedad a trav\u00e9s de la educaci\u00f3n. As\u00ed, se dieron situaciones de avasallamiento, que fueron denunciadas, como la de aquel padre que hablaba con su hija en el patio del colegio y fue recriminado por la profesora porque no lo hac\u00edan en catal\u00e1n, que era la lengua oficial del Plan de Centro. El padre se excus\u00f3 porque no sab\u00eda el catal\u00e1n, a lo que la profesora le sugiri\u00f3 que se comunicara por gestos y se\u00f1as.<\/p>\n<p>Denuncias como esta han aparecido muchas en los medios de comunicaci\u00f3n, pero todas han sido desestimadas porque la Ley de Educaci\u00f3n catalana lo amparaba.<\/p>\n<p>Cuatro a\u00f1os despu\u00e9s la situaci\u00f3n cambi\u00f3 con la antedicha \u00abley Wert\u00bb, una ley de educaci\u00f3n de rango superior a la catalana donde se inclu\u00eda tambi\u00e9n la \u201cvehicularidad\u201d del castellano para toda Espa\u00f1a. Desde entonces los ciudadanos han dispuesto de un recurso con el que defenderse ante la justicia. Y aunque esto no supuso un cambio significativo, pues las instituciones educativas catalanas ignoraban e incumpl\u00edan los veredictos judiciales, ahora los separatistas sufr\u00edan sentencias adversas de tribunales que her\u00edan su orgullo y desataban su soberbia.<\/p>\n<p>Con la nueva Ley Cela\u00e1, Esquerra Republicana de Catalu\u00f1a ha aprovechado la ocasi\u00f3n para exigir la eliminaci\u00f3n de la referencia \u201c<strong>El castellano es lengua vehicular de la ense\u00f1anza en todo el Estado\u2026\u201d <\/strong>a cambio y como pago de su apoyo, y el gobierno ha aceptado sin importarle los intereses de la ciudadan\u00eda.<\/p>\n<p>Esta nueva Ley de Educaci\u00f3n, que ha provocado una fuerte divisi\u00f3n y ha sido aprobada por un solo voto m\u00e1s de los que requiere una Ley org\u00e1nica, a mi juicio, se ha malogrado. Su caducidad se observa en el horizonte pr\u00f3ximo, porque toda ley que pretenda perdurabilidad debe ser ampliamente consensuada por los principales partidos del congreso y aprobada con una mayor\u00eda holgada de votos.<\/p>\n<p>&nbsp;<\/p>\n<p>&nbsp;<\/p>\n<p>&nbsp;<\/p>\n<p>&nbsp;<\/p>\n<p>Acabo de redactar mi opini\u00f3n sobre la ley Cela\u00e1 y el concepto vehicular del castellano, cuando leo las declaraciones del presidente S\u00e1nchez que no hacen m\u00e1s que darme la raz\u00f3n y contradecir a la ministra Cela\u00e1.<\/p>\n<p>Dice S\u00e1nchez, refiri\u00e9ndose a que la &#8216;ley Cela\u00e1\u201d no considere el castellano como lengua vehicular, que en Espa\u00f1a \u00abhay cuatro lenguas cooficiales\u00bb y que <strong>\u00abla obligaci\u00f3n es garantizar la ense\u00f1anza y el aprendizaje de esa pluralidad\u00bb<\/strong>. Es decir, si se suprime la vehicularidad, se \u201cgarantiza\u201d que los estudiantes aprendan las dos lenguas en Catalu\u00f1a. Por tanto:<\/p>\n<p>1\u00ba.- La supresi\u00f3n de <strong>\u201cel castellano es lengua vehicular de la ense\u00f1anza en todo el Estado\u201d <\/strong>s\u00ed pretend\u00eda un cambio significativo (Cela\u00e1 dec\u00eda que no cambiaba nada).<\/p>\n<p>2\u00ba.- El cambio responde directamente a la exigencia de ERC y los independentistas. Recobra la vigencia \u201cel catal\u00e1n como lengua vehicular en el sistema educativo de Catalu\u00f1a\u201d.<\/p>\n<p>3\u00ba.- De estos argumentos se deduce lo que algunos vienen opinando en los medios de comunicaci\u00f3n: el objetivo es garantizar que el catal\u00e1n se aprenda en la escuela aun en menoscabo del castellano, que este ya lo aprender\u00e1n en sus casas con las familias.<\/p>\n<p>&nbsp;<\/p>\n<p>Chove, Granada, a 22 de noviembre de 2020<\/p>\n","protected":false},"excerpt":{"rendered":"<p>La nueva Ley de Educaci\u00f3n: \u201cLey Cela\u00e1\u201d Yo he firmado el \u201cManifiesto en defensa del espa\u00f1ol en Catalu\u00f1a\u201d promovido por el hist\u00f3rico socialista, Zen\u00f3n Jim\u00e9nez Ridruejo, y por el actual dirigente del PSOE, Antonio Miguel Carmona, porque comparto su contenido. Pero vayamos al punto clave donde se ha centrado la atenci\u00f3n del debate: \u201cel car\u00e1cter [&hellip;]<\/p>\n","protected":false},"author":2,"featured_media":0,"comment_status":"open","ping_status":"open","sticky":false,"template":"","format":"standard","meta":{"footnotes":""},"categories":[1],"tags":[],"class_list":["post-870","post","type-post","status-publish","format-standard","hentry","category-sin-categoria"],"_links":{"self":[{"href":"https:\/\/chove.hol.es\/web\/index.php?rest_route=\/wp\/v2\/posts\/870","targetHints":{"allow":["GET"]}}],"collection":[{"href":"https:\/\/chove.hol.es\/web\/index.php?rest_route=\/wp\/v2\/posts"}],"about":[{"href":"https:\/\/chove.hol.es\/web\/index.php?rest_route=\/wp\/v2\/types\/post"}],"author":[{"embeddable":true,"href":"https:\/\/chove.hol.es\/web\/index.php?rest_route=\/wp\/v2\/users\/2"}],"replies":[{"embeddable":true,"href":"https:\/\/chove.hol.es\/web\/index.php?rest_route=%2Fwp%2Fv2%2Fcomments&post=870"}],"version-history":[{"count":1,"href":"https:\/\/chove.hol.es\/web\/index.php?rest_route=\/wp\/v2\/posts\/870\/revisions"}],"predecessor-version":[{"id":871,"href":"https:\/\/chove.hol.es\/web\/index.php?rest_route=\/wp\/v2\/posts\/870\/revisions\/871"}],"wp:attachment":[{"href":"https:\/\/chove.hol.es\/web\/index.php?rest_route=%2Fwp%2Fv2%2Fmedia&parent=870"}],"wp:term":[{"taxonomy":"category","embeddable":true,"href":"https:\/\/chove.hol.es\/web\/index.php?rest_route=%2Fwp%2Fv2%2Fcategories&post=870"},{"taxonomy":"post_tag","embeddable":true,"href":"https:\/\/chove.hol.es\/web\/index.php?rest_route=%2Fwp%2Fv2%2Ftags&post=870"}],"curies":[{"name":"wp","href":"https:\/\/api.w.org\/{rel}","templated":true}]}}